{"id":10034,"date":"2025-07-20T11:34:29","date_gmt":"2025-07-20T09:34:29","guid":{"rendered":"https:\/\/spf-viacarpatia.eu\/?p=10034"},"modified":"2025-07-20T11:34:29","modified_gmt":"2025-07-20T09:34:29","slug":"juniusi-esemenyeink-kepekbe-foglalva","status":"publish","type":"post","link":"https:\/\/spf-viacarpatia.eu\/hu\/juniusi-esemenyeink-kepekbe-foglalva\/","title":{"rendered":"J\u00faniusi esem\u00e9nyeink k\u00e9pekbe foglalva"},"content":{"rendered":"<p>A Kisprojekt Alap \u00e1ltal t\u00e1mogatott rendezv\u00e9nyek kultur\u00e1lis programokban \u00e9s \u00e9lm\u00e9nyekben b\u0151velkedve, a hat\u00e1rokat nem ismer\u0151 egy\u00fcttm\u0171k\u00f6d\u00e9s jegy\u00e9ben zajlottak. A Kisprojekt Alap projektjeinek megval\u00f3s\u00edt\u00e1sa sikeresen folytat\u00f3dik: j\u00faniusban ism\u00e9t sz\u00ednes programokkal gazdag\u00edtott\u00e1k a hat\u00e1rmenti t\u00e9rs\u00e9get. A\u00a0fesztiv\u00e1lok, sportrendezv\u00e9nyek \u00e9s ny\u00e1ri programok \u00e9rt\u00e9kes \u00e9lm\u00e9nyekkel gazdag\u00edtott\u00e1k a r\u00e9sztvev\u0151ket, ezzel is er\u0151s\u00edtve a\u00a0k\u00f6z\u00f6ss\u00e9gi \u00e9letet a\u00a0hat\u00e1r mindk\u00e9t oldal\u00e1n.<\/p>\n<p>A\u00a0j\u00faniusi esem\u00e9nyekr\u0151l k\u00e9sz\u00fclt fot\u00f3kat megtekinthetik k\u00e9p\u00f6ssze\u00e1ll\u00edt\u00e1sunkban, valamint fot\u00f3albumunkban is!<\/p>\n","protected":false},"excerpt":{"rendered":"<p>A Kisprojekt Alap \u00e1ltal t\u00e1mogatott rendezv\u00e9nyek kultur\u00e1lis programokban \u00e9s \u00e9lm\u00e9nyekben b\u0151velkedve, a hat\u00e1rokat nem ismer\u0151 egy\u00fcttm\u0171k\u00f6d\u00e9s jegy\u00e9ben zajlottak. A Kisprojekt Alap projektjeinek megval\u00f3s\u00edt\u00e1sa sikeresen folytat\u00f3dik: j\u00faniusban ism\u00e9t sz\u00ednes programokkal gazdag\u00edtott\u00e1k a hat\u00e1rmenti t\u00e9rs\u00e9get. A\u00a0fesztiv\u00e1lok, sportrendezv\u00e9nyek \u00e9s ny\u00e1ri programok \u00e9rt\u00e9kes \u00e9lm\u00e9nyekkel gazdag\u00edtott\u00e1k a r\u00e9sztvev\u0151ket, ezzel is er\u0151s\u00edtve a\u00a0k\u00f6z\u00f6ss\u00e9gi \u00e9letet a\u00a0hat\u00e1r mindk\u00e9t oldal\u00e1n. A\u00a0j\u00faniusi esem\u00e9nyekr\u0151l k\u00e9sz\u00fclt fot\u00f3kat [&hellip;]<\/p>\n","protected":false},"author":2,"featured_media":10032,"comment_status":"closed","ping_status":"open","sticky":false,"template":"","format":"standard","meta":{"inline_featured_image":false,"footnotes":""},"categories":[3],"tags":[],"class_list":["post-10034","post","type-post","status-publish","format-standard","has-post-thumbnail","hentry","category-uncategorized-hu"],"acf":[],"yoast_head":"<!-- This site is optimized with the Yoast SEO plugin v27.5 - https:\/\/yoast.com\/product\/yoast-seo-wordpress\/ -->\n<title>J\u00faniusi esem\u00e9nyeink k\u00e9pekbe foglalva - spf-viacarpatia.eu | Fond mal\u00fdch projektov<\/title>\n<meta name=\"robots\" content=\"index, follow, max-snippet:-1, max-image-preview:large, max-video-preview:-1\" \/>\n<link rel=\"canonical\" href=\"https:\/\/spf-viacarpatia.eu\/hu\/juniusi-esemenyeink-kepekbe-foglalva\/\" \/>\n<meta property=\"og:locale\" content=\"hu_HU\" \/>\n<meta property=\"og:type\" content=\"article\" \/>\n<meta property=\"og:title\" content=\"J\u00faniusi esem\u00e9nyeink k\u00e9pekbe foglalva - spf-viacarpatia.eu | Fond mal\u00fdch projektov\" \/>\n<meta property=\"og:description\" content=\"A Kisprojekt Alap \u00e1ltal t\u00e1mogatott rendezv\u00e9nyek kultur\u00e1lis programokban \u00e9s \u00e9lm\u00e9nyekben b\u0151velkedve, a hat\u00e1rokat nem ismer\u0151 egy\u00fcttm\u0171k\u00f6d\u00e9s jegy\u00e9ben zajlottak. A Kisprojekt Alap projektjeinek megval\u00f3s\u00edt\u00e1sa sikeresen folytat\u00f3dik: j\u00faniusban ism\u00e9t sz\u00ednes programokkal gazdag\u00edtott\u00e1k a hat\u00e1rmenti t\u00e9rs\u00e9get. A\u00a0fesztiv\u00e1lok, sportrendezv\u00e9nyek \u00e9s ny\u00e1ri programok \u00e9rt\u00e9kes \u00e9lm\u00e9nyekkel gazdag\u00edtott\u00e1k a r\u00e9sztvev\u0151ket, ezzel is er\u0151s\u00edtve a\u00a0k\u00f6z\u00f6ss\u00e9gi \u00e9letet a\u00a0hat\u00e1r mindk\u00e9t oldal\u00e1n. A\u00a0j\u00faniusi esem\u00e9nyekr\u0151l k\u00e9sz\u00fclt fot\u00f3kat [&hellip;]\" \/>\n<meta property=\"og:url\" content=\"https:\/\/spf-viacarpatia.eu\/hu\/juniusi-esemenyeink-kepekbe-foglalva\/\" \/>\n<meta property=\"og:site_name\" content=\"spf-viacarpatia.eu | Fond mal\u00fdch projektov\" \/>\n<meta property=\"article:published_time\" content=\"2025-07-20T09:34:29+00:00\" \/>\n<meta property=\"og:image\" content=\"https:\/\/spf-viacarpatia.eu\/wp-content\/uploads\/2025\/07\/2-24.png\" \/>\n\t<meta property=\"og:image:width\" content=\"1080\" \/>\n\t<meta property=\"og:image:height\" content=\"1080\" \/>\n\t<meta property=\"og:image:type\" content=\"image\/png\" \/>\n<meta name=\"author\" content=\"viacarpatia\" \/>\n<meta name=\"twitter:card\" content=\"summary_large_image\" \/>\n<meta name=\"twitter:label1\" content=\"Szerz\u0151:\" \/>\n\t<meta name=\"twitter:data1\" content=\"viacarpatia\" \/>\n\t<meta name=\"twitter:label2\" content=\"Becs\u00fclt olvas\u00e1si id\u0151\" \/>\n\t<meta name=\"twitter:data2\" content=\"1 perc\" \/>\n<script type=\"application\/ld+json\" class=\"yoast-schema-graph\">{\"@context\":\"https:\\\/\\\/schema.org\",\"@graph\":[{\"@type\":\"Article\",\"@id\":\"https:\\\/\\\/spf-viacarpatia.eu\\\/hu\\\/juniusi-esemenyeink-kepekbe-foglalva\\\/#article\",\"isPartOf\":{\"@id\":\"https:\\\/\\\/spf-viacarpatia.eu\\\/hu\\\/juniusi-esemenyeink-kepekbe-foglalva\\\/\"},\"author\":{\"name\":\"viacarpatia\",\"@id\":\"https:\\\/\\\/spf-viacarpatia.eu\\\/#\\\/schema\\\/person\\\/277ebb22abd307244031b67cd127739f\"},\"headline\":\"J\u00faniusi esem\u00e9nyeink k\u00e9pekbe foglalva\",\"datePublished\":\"2025-07-20T09:34:29+00:00\",\"mainEntityOfPage\":{\"@id\":\"https:\\\/\\\/spf-viacarpatia.eu\\\/hu\\\/juniusi-esemenyeink-kepekbe-foglalva\\\/\"},\"wordCount\":123,\"image\":{\"@id\":\"https:\\\/\\\/spf-viacarpatia.eu\\\/hu\\\/juniusi-esemenyeink-kepekbe-foglalva\\\/#primaryimage\"},\"thumbnailUrl\":\"https:\\\/\\\/spf-viacarpatia.eu\\\/wp-content\\\/uploads\\\/2025\\\/07\\\/2-24.png\",\"articleSection\":[\"Uncategorized @hu\"],\"inLanguage\":\"hu\"},{\"@type\":\"WebPage\",\"@id\":\"https:\\\/\\\/spf-viacarpatia.eu\\\/hu\\\/juniusi-esemenyeink-kepekbe-foglalva\\\/\",\"url\":\"https:\\\/\\\/spf-viacarpatia.eu\\\/hu\\\/juniusi-esemenyeink-kepekbe-foglalva\\\/\",\"name\":\"J\u00faniusi esem\u00e9nyeink k\u00e9pekbe foglalva - spf-viacarpatia.eu | Fond mal\u00fdch projektov\",\"isPartOf\":{\"@id\":\"https:\\\/\\\/spf-viacarpatia.eu\\\/#website\"},\"primaryImageOfPage\":{\"@id\":\"https:\\\/\\\/spf-viacarpatia.eu\\\/hu\\\/juniusi-esemenyeink-kepekbe-foglalva\\\/#primaryimage\"},\"image\":{\"@id\":\"https:\\\/\\\/spf-viacarpatia.eu\\\/hu\\\/juniusi-esemenyeink-kepekbe-foglalva\\\/#primaryimage\"},\"thumbnailUrl\":\"https:\\\/\\\/spf-viacarpatia.eu\\\/wp-content\\\/uploads\\\/2025\\\/07\\\/2-24.png\",\"datePublished\":\"2025-07-20T09:34:29+00:00\",\"author\":{\"@id\":\"https:\\\/\\\/spf-viacarpatia.eu\\\/#\\\/schema\\\/person\\\/277ebb22abd307244031b67cd127739f\"},\"inLanguage\":\"hu\",\"potentialAction\":[{\"@type\":\"ReadAction\",\"target\":[\"https:\\\/\\\/spf-viacarpatia.eu\\\/hu\\\/juniusi-esemenyeink-kepekbe-foglalva\\\/\"]}]},{\"@type\":\"ImageObject\",\"inLanguage\":\"hu\",\"@id\":\"https:\\\/\\\/spf-viacarpatia.eu\\\/hu\\\/juniusi-esemenyeink-kepekbe-foglalva\\\/#primaryimage\",\"url\":\"https:\\\/\\\/spf-viacarpatia.eu\\\/wp-content\\\/uploads\\\/2025\\\/07\\\/2-24.png\",\"contentUrl\":\"https:\\\/\\\/spf-viacarpatia.eu\\\/wp-content\\\/uploads\\\/2025\\\/07\\\/2-24.png\",\"width\":1080,\"height\":1080},{\"@type\":\"WebSite\",\"@id\":\"https:\\\/\\\/spf-viacarpatia.eu\\\/#website\",\"url\":\"https:\\\/\\\/spf-viacarpatia.eu\\\/\",\"name\":\"ViaCarpatia\",\"description\":\"Fond mal\u00fdch projektov\",\"alternateName\":\"ViaCarpatia\",\"potentialAction\":[{\"@type\":\"SearchAction\",\"target\":{\"@type\":\"EntryPoint\",\"urlTemplate\":\"https:\\\/\\\/spf-viacarpatia.eu\\\/?s={search_term_string}\"},\"query-input\":{\"@type\":\"PropertyValueSpecification\",\"valueRequired\":true,\"valueName\":\"search_term_string\"}}],\"inLanguage\":\"hu\"},{\"@type\":\"Person\",\"@id\":\"https:\\\/\\\/spf-viacarpatia.eu\\\/#\\\/schema\\\/person\\\/277ebb22abd307244031b67cd127739f\",\"name\":\"viacarpatia\",\"image\":{\"@type\":\"ImageObject\",\"inLanguage\":\"hu\",\"@id\":\"https:\\\/\\\/secure.gravatar.com\\\/avatar\\\/bba74006701163acde19f8e575cb017e72fee5f1d026e5409c03c3812cd5ffd0?s=96&d=mm&r=g\",\"url\":\"https:\\\/\\\/secure.gravatar.com\\\/avatar\\\/bba74006701163acde19f8e575cb017e72fee5f1d026e5409c03c3812cd5ffd0?s=96&d=mm&r=g\",\"contentUrl\":\"https:\\\/\\\/secure.gravatar.com\\\/avatar\\\/bba74006701163acde19f8e575cb017e72fee5f1d026e5409c03c3812cd5ffd0?s=96&d=mm&r=g\",\"caption\":\"viacarpatia\"},\"url\":\"https:\\\/\\\/spf-viacarpatia.eu\\\/hu\\\/author\\\/viacarpatia\\\/\"}]}<\/script>\n<!-- \/ Yoast SEO plugin. -->","yoast_head_json":{"title":"J\u00faniusi esem\u00e9nyeink k\u00e9pekbe foglalva - spf-viacarpatia.eu | Fond mal\u00fdch projektov","robots":{"index":"index","follow":"follow","max-snippet":"max-snippet:-1","max-image-preview":"max-image-preview:large","max-video-preview":"max-video-preview:-1"},"canonical":"https:\/\/spf-viacarpatia.eu\/hu\/juniusi-esemenyeink-kepekbe-foglalva\/","og_locale":"hu_HU","og_type":"article","og_title":"J\u00faniusi esem\u00e9nyeink k\u00e9pekbe foglalva - spf-viacarpatia.eu | Fond mal\u00fdch projektov","og_description":"A Kisprojekt Alap \u00e1ltal t\u00e1mogatott rendezv\u00e9nyek kultur\u00e1lis programokban \u00e9s \u00e9lm\u00e9nyekben b\u0151velkedve, a hat\u00e1rokat nem ismer\u0151 egy\u00fcttm\u0171k\u00f6d\u00e9s jegy\u00e9ben zajlottak. A Kisprojekt Alap projektjeinek megval\u00f3s\u00edt\u00e1sa sikeresen folytat\u00f3dik: j\u00faniusban ism\u00e9t sz\u00ednes programokkal gazdag\u00edtott\u00e1k a hat\u00e1rmenti t\u00e9rs\u00e9get. A\u00a0fesztiv\u00e1lok, sportrendezv\u00e9nyek \u00e9s ny\u00e1ri programok \u00e9rt\u00e9kes \u00e9lm\u00e9nyekkel gazdag\u00edtott\u00e1k a r\u00e9sztvev\u0151ket, ezzel is er\u0151s\u00edtve a\u00a0k\u00f6z\u00f6ss\u00e9gi \u00e9letet a\u00a0hat\u00e1r mindk\u00e9t oldal\u00e1n. A\u00a0j\u00faniusi esem\u00e9nyekr\u0151l k\u00e9sz\u00fclt fot\u00f3kat [&hellip;]","og_url":"https:\/\/spf-viacarpatia.eu\/hu\/juniusi-esemenyeink-kepekbe-foglalva\/","og_site_name":"spf-viacarpatia.eu | Fond mal\u00fdch projektov","article_published_time":"2025-07-20T09:34:29+00:00","og_image":[{"width":1080,"height":1080,"url":"https:\/\/spf-viacarpatia.eu\/wp-content\/uploads\/2025\/07\/2-24.png","type":"image\/png"}],"author":"viacarpatia","twitter_card":"summary_large_image","twitter_misc":{"Szerz\u0151:":"viacarpatia","Becs\u00fclt olvas\u00e1si id\u0151":"1 perc"},"schema":{"@context":"https:\/\/schema.org","@graph":[{"@type":"Article","@id":"https:\/\/spf-viacarpatia.eu\/hu\/juniusi-esemenyeink-kepekbe-foglalva\/#article","isPartOf":{"@id":"https:\/\/spf-viacarpatia.eu\/hu\/juniusi-esemenyeink-kepekbe-foglalva\/"},"author":{"name":"viacarpatia","@id":"https:\/\/spf-viacarpatia.eu\/#\/schema\/person\/277ebb22abd307244031b67cd127739f"},"headline":"J\u00faniusi esem\u00e9nyeink k\u00e9pekbe foglalva","datePublished":"2025-07-20T09:34:29+00:00","mainEntityOfPage":{"@id":"https:\/\/spf-viacarpatia.eu\/hu\/juniusi-esemenyeink-kepekbe-foglalva\/"},"wordCount":123,"image":{"@id":"https:\/\/spf-viacarpatia.eu\/hu\/juniusi-esemenyeink-kepekbe-foglalva\/#primaryimage"},"thumbnailUrl":"https:\/\/spf-viacarpatia.eu\/wp-content\/uploads\/2025\/07\/2-24.png","articleSection":["Uncategorized @hu"],"inLanguage":"hu"},{"@type":"WebPage","@id":"https:\/\/spf-viacarpatia.eu\/hu\/juniusi-esemenyeink-kepekbe-foglalva\/","url":"https:\/\/spf-viacarpatia.eu\/hu\/juniusi-esemenyeink-kepekbe-foglalva\/","name":"J\u00faniusi esem\u00e9nyeink k\u00e9pekbe foglalva - spf-viacarpatia.eu | Fond mal\u00fdch projektov","isPartOf":{"@id":"https:\/\/spf-viacarpatia.eu\/#website"},"primaryImageOfPage":{"@id":"https:\/\/spf-viacarpatia.eu\/hu\/juniusi-esemenyeink-kepekbe-foglalva\/#primaryimage"},"image":{"@id":"https:\/\/spf-viacarpatia.eu\/hu\/juniusi-esemenyeink-kepekbe-foglalva\/#primaryimage"},"thumbnailUrl":"https:\/\/spf-viacarpatia.eu\/wp-content\/uploads\/2025\/07\/2-24.png","datePublished":"2025-07-20T09:34:29+00:00","author":{"@id":"https:\/\/spf-viacarpatia.eu\/#\/schema\/person\/277ebb22abd307244031b67cd127739f"},"inLanguage":"hu","potentialAction":[{"@type":"ReadAction","target":["https:\/\/spf-viacarpatia.eu\/hu\/juniusi-esemenyeink-kepekbe-foglalva\/"]}]},{"@type":"ImageObject","inLanguage":"hu","@id":"https:\/\/spf-viacarpatia.eu\/hu\/juniusi-esemenyeink-kepekbe-foglalva\/#primaryimage","url":"https:\/\/spf-viacarpatia.eu\/wp-content\/uploads\/2025\/07\/2-24.png","contentUrl":"https:\/\/spf-viacarpatia.eu\/wp-content\/uploads\/2025\/07\/2-24.png","width":1080,"height":1080},{"@type":"WebSite","@id":"https:\/\/spf-viacarpatia.eu\/#website","url":"https:\/\/spf-viacarpatia.eu\/","name":"ViaCarpatia","description":"Fond mal\u00fdch projektov","alternateName":"ViaCarpatia","potentialAction":[{"@type":"SearchAction","target":{"@type":"EntryPoint","urlTemplate":"https:\/\/spf-viacarpatia.eu\/?s={search_term_string}"},"query-input":{"@type":"PropertyValueSpecification","valueRequired":true,"valueName":"search_term_string"}}],"inLanguage":"hu"},{"@type":"Person","@id":"https:\/\/spf-viacarpatia.eu\/#\/schema\/person\/277ebb22abd307244031b67cd127739f","name":"viacarpatia","image":{"@type":"ImageObject","inLanguage":"hu","@id":"https:\/\/secure.gravatar.com\/avatar\/bba74006701163acde19f8e575cb017e72fee5f1d026e5409c03c3812cd5ffd0?s=96&d=mm&r=g","url":"https:\/\/secure.gravatar.com\/avatar\/bba74006701163acde19f8e575cb017e72fee5f1d026e5409c03c3812cd5ffd0?s=96&d=mm&r=g","contentUrl":"https:\/\/secure.gravatar.com\/avatar\/bba74006701163acde19f8e575cb017e72fee5f1d026e5409c03c3812cd5ffd0?s=96&d=mm&r=g","caption":"viacarpatia"},"url":"https:\/\/spf-viacarpatia.eu\/hu\/author\/viacarpatia\/"}]}},"_links":{"self":[{"href":"https:\/\/spf-viacarpatia.eu\/hu\/wp-json\/wp\/v2\/posts\/10034","targetHints":{"allow":["GET"]}}],"collection":[{"href":"https:\/\/spf-viacarpatia.eu\/hu\/wp-json\/wp\/v2\/posts"}],"about":[{"href":"https:\/\/spf-viacarpatia.eu\/hu\/wp-json\/wp\/v2\/types\/post"}],"author":[{"embeddable":true,"href":"https:\/\/spf-viacarpatia.eu\/hu\/wp-json\/wp\/v2\/users\/2"}],"replies":[{"embeddable":true,"href":"https:\/\/spf-viacarpatia.eu\/hu\/wp-json\/wp\/v2\/comments?post=10034"}],"version-history":[{"count":1,"href":"https:\/\/spf-viacarpatia.eu\/hu\/wp-json\/wp\/v2\/posts\/10034\/revisions"}],"predecessor-version":[{"id":10035,"href":"https:\/\/spf-viacarpatia.eu\/hu\/wp-json\/wp\/v2\/posts\/10034\/revisions\/10035"}],"wp:featuredmedia":[{"embeddable":true,"href":"https:\/\/spf-viacarpatia.eu\/hu\/wp-json\/wp\/v2\/media\/10032"}],"wp:attachment":[{"href":"https:\/\/spf-viacarpatia.eu\/hu\/wp-json\/wp\/v2\/media?parent=10034"}],"wp:term":[{"taxonomy":"category","embeddable":true,"href":"https:\/\/spf-viacarpatia.eu\/hu\/wp-json\/wp\/v2\/categories?post=10034"},{"taxonomy":"post_tag","embeddable":true,"href":"https:\/\/spf-viacarpatia.eu\/hu\/wp-json\/wp\/v2\/tags?post=10034"}],"curies":[{"name":"wp","href":"https:\/\/api.w.org\/{rel}","templated":true}]}}