{"id":8579,"date":"2024-06-05T14:31:39","date_gmt":"2024-06-05T12:31:39","guid":{"rendered":"https:\/\/spf-viacarpatia.eu\/?p=8579"},"modified":"2024-06-05T14:49:56","modified_gmt":"2024-06-05T12:49:56","slug":"majus-tele-esemenyekkel","status":"publish","type":"post","link":"https:\/\/spf-viacarpatia.eu\/hu\/majus-tele-esemenyekkel\/","title":{"rendered":"M\u00e1jus tele esem\u00e9nyekkel"},"content":{"rendered":"<p>&nbsp;<\/p>\n<p><img loading=\"lazy\" decoding=\"async\" class=\"aligncenter wp-image-8583\" src=\"https:\/\/spf-viacarpatia.eu\/wp-content\/uploads\/2024\/06\/Colorful-Modern-Paris-Photo-Collage-Instagram-Post-2-300x300.png\" alt=\"\" width=\"600\" height=\"600\" srcset=\"https:\/\/spf-viacarpatia.eu\/wp-content\/uploads\/2024\/06\/Colorful-Modern-Paris-Photo-Collage-Instagram-Post-2-300x300.png 300w, https:\/\/spf-viacarpatia.eu\/wp-content\/uploads\/2024\/06\/Colorful-Modern-Paris-Photo-Collage-Instagram-Post-2-1024x1024.png 1024w, https:\/\/spf-viacarpatia.eu\/wp-content\/uploads\/2024\/06\/Colorful-Modern-Paris-Photo-Collage-Instagram-Post-2-150x150.png 150w, https:\/\/spf-viacarpatia.eu\/wp-content\/uploads\/2024\/06\/Colorful-Modern-Paris-Photo-Collage-Instagram-Post-2-768x768.png 768w, https:\/\/spf-viacarpatia.eu\/wp-content\/uploads\/2024\/06\/Colorful-Modern-Paris-Photo-Collage-Instagram-Post-2.png 1080w\" sizes=\"auto, (max-width: 600px) 100vw, 600px\" \/><\/p>\n<p>Befejez\u0151d\u00f6tt a Kisprojekt Alap 1.felh\u00edv\u00e1s\u00e1nak els\u0151 h\u00f3napja, aminek keret\u00e9ben Szlov\u00e1kia \u00e9s Magyarorsz\u00e1g lakosai sz\u00e1mos esem\u00e9nyen vehettek r\u00e9szt.\u00a0\u00a0A sportversenyekt\u0151l a kultur\u00e1lis fesztiv\u00e1lokon \u00e1t a szakmai konferenci\u00e1kig az eg\u00e9sz r\u00e9gi\u00f3 \u00e9letre kelt a k\u00fcl\u00f6nf\u00e9le tev\u00e9kenys\u00e9gekkel, amelyek er\u0151s\u00edtett\u00e9k a hat\u00e1rokon \u00e1tny\u00fal\u00f3 egy\u00fcttm\u0171k\u00f6d\u00e9st \u00e9s gazdag\u00edtott\u00e1k a helyi k\u00f6z\u00f6ss\u00e9geket. Az al\u00e1bbi mapp\u00e1ban megtekinthet\u0151ek\u00a0\u00a0az esem\u00e9nyek fot\u00f3i: <a href=\"https:\/\/spf-viacarpatia.eu\/hu\/gallery\/fotok-a-majusi-rendezvenyekrol\/\">https:\/\/spf-viacarpatia.eu\/hu\/gallery\/fotok-a-majusi-rendezvenyekrol\/<\/a><\/p>\n<p><em><strong>Carpatia Cup<\/strong><\/em><\/p>\n<p>A &#8222;Carpatia Cup&#8221; elnevez\u00e9s\u0171 esem\u00e9ny az els\u0151 megval\u00f3s\u00edtott projekt, amelyre \u00e1prilis elej\u00e9n ker\u00fclt sor a kassai V\u00e1rosi Uszod\u00e1ban. A rendezv\u00e9ny c\u00e9lja a v\u00edzilabda n\u00e9pszer\u0171s\u00edt\u00e9se volt a nagyk\u00f6z\u00f6ns\u00e9g k\u00f6r\u00e9ben, a hat\u00e1r mindk\u00e9t oldal\u00e1n m\u0171k\u00f6d\u0151 sportiskol\u00e1k egy\u00fcttm\u0171k\u00f6d\u00e9s\u00e9nek er\u0151s\u00edt\u00e9se, \u00e9s ez\u00e1ltal a v\u00edzilabda sz\u00ednvonal\u00e1nak emel\u00e9se mindk\u00e9t orsz\u00e1gban.<\/p>\n<p><em><strong>Hat\u00e1rok \u00e1tl\u00e9p\u00e9se a bor\u00e1szat hagyom\u00e1nyaiban<\/strong><\/em><\/p>\n<p>A Sz\u00e1dalm\u00e1son megrendezett \u00e1prilisi kultur\u00e1lis esem\u00e9ny a &#8222;SKHU Borhagyom\u00e1nyok&#8221; r\u00f6vid\u00edt\u00e9ssel mag\u00e1ban foglalta a &#8222;Hivatalos K\u00f3stol\u00f3 \u00e9s Bor Konferenci\u00e1t&#8221;. A konferenci\u00e1t a bork\u00e9sz\u00edt\u00e9s innovat\u00edv technol\u00f3gi\u00e1ir\u00f3l \u00e9s trendjeir\u0151l sz\u00f3l\u00f3 szak\u00e9rt\u0151i el\u0151ad\u00e1sok, valamint vak bork\u00f3stol\u00f3 \u00e9s kultur\u00e1lis k\u00eds\u00e9r\u0151program k\u00eds\u00e9rte. A rendezv\u00e9ny m\u00e1sodik r\u00e9sze a hagyom\u00e1nyos region\u00e1lis tavaszi bor\u00fcnnepekkel folytat\u00f3dott, melynek f\u0151 c\u00e9lja a mez\u0151gazdas\u00e1g kultur\u00e1lis hagyom\u00e1nyainak \u00e9s \u00e9rt\u00e9keinek meg\u0151rz\u00e9se volt &#8211; a sz\u0151l\u0151termeszt\u00e9s \u00e9s a hagyom\u00e1nyos m\u00f3don t\u00f6rt\u00e9n\u0151 bork\u00e9sz\u00edt\u00e9s Szlov\u00e1ki\u00e1ban \u00e9s Magyarorsz\u00e1gon.<\/p>\n<p><em><strong>Szlov\u00e1k-magyar kapcsolatok az id\u0151k folyam\u00e1n<\/strong><\/em><\/p>\n<p>M\u00e1jus elej\u00e9n Kass\u00e1n ker\u00fclt sor az &#8222;SKHU Kapcsolatok az id\u0151ben&#8221; r\u00f6vid\u00edt\u00e9s\u0171 rendezv\u00e9nyre, amely sz\u00e1mos tev\u00e9kenys\u00e9get tartalmazott, nevezetesen egy szakmai konferenci\u00e1t a Pavol Jozef \u0160af\u00e1rik Egyetem tudom\u00e1nyos ter\u00fclet\u00e9n, el\u0151ad\u00e1st a szlov\u00e1k-magyar kapcsolatok t\u00f6rt\u00e9net\u00e9r\u0151l Kassa k\u00f6zpontj\u00e1ban \u00e9s a &#8222;Robinson &amp; Crusoe&#8221; m\u0171 vet\u00edt\u00e9s\u00e9t egy helyi moziban. Az esem\u00e9nyen Kassa v\u00e1ros\u00e1nak bej\u00e1r\u00e1sa is szerepelt egy profi idegenvezet\u0151 seg\u00edts\u00e9g\u00e9vel. A projekt oktat\u00e1si anyagokat hoz l\u00e9tre elj\u00e1r\u00e1sok \u00e9s rekl\u00e1mdokumentumok form\u00e1j\u00e1ban, amelyek mindk\u00e9t orsz\u00e1g int\u00e9zm\u00e9nyei, egyetemei \u00e9s a nyilv\u00e1noss\u00e1g sz\u00e1m\u00e1ra hozz\u00e1f\u00e9rhet\u0151k lesznek.<\/p>\n<p><em><strong>S\u00e9ta az any\u00e1k\u00e9rt\u00a0<\/strong><\/em><\/p>\n<p>A m\u00e1jusi rendezv\u00e9ny csal\u00e1dbar\u00e1t h\u00e9tv\u00e9gi programot k\u00edn\u00e1lt Beszterceb\u00e1ny\u00e1n \u00e9s k\u00f6rny\u00e9k\u00e9n, gyermekversenyeket \u00e9s egy hagyom\u00e1nyos m\u00e9rf\u00f6ldes s\u00e9t\u00e1t az any\u00e1k \u00fcnnepl\u00e9s\u00e9re, kiemelve \u00e9s \u00fcnnepelve fontos szerep\u00fcket. A rendezv\u00e9ny r\u00e9sztvev\u0151i tapasztalatot cser\u00e9ltek, hogy inspir\u00e1lj\u00e1k egym\u00e1st a szlov\u00e1kiai \u00e9s magyarorsz\u00e1gi anyak\u00f6zpontok tev\u00e9kenys\u00e9g\u00e9ben. A rendezv\u00e9ny r\u00e9szek\u00e9nt gazdag k\u00eds\u00e9r\u0151 programmal k\u00e9sz\u00fcltek minden r\u00e9sztvev\u0151 sz\u00e1m\u00e1ra azoknak a gyerekeknek \u00e9s sz\u00fcleiknek, akik az egy\u00fctt t\u00f6lt\u00f6tt id\u0151 alatt megfeledkeztek mindennapi gondjaikr\u00f3l.<\/p>\n<p><em><strong>CyberOsveta \u2013 V\u00e9delem a f\u00e9lret\u00e1j\u00e9koztat\u00e1s \u00e9s az online vesz\u00e9lyek ellen<\/strong><\/em><\/p>\n<p>A m\u00e1jusi szak\u00e9rt\u0151i konferencia k\u00f6z\u00e9ppontj\u00e1ban az online biztons\u00e1g \u00e9s a dezinform\u00e1ci\u00f3 elleni k\u00fczdelem \u00e1llt. Ez a nemzetk\u00f6zi oktat\u00e1si m\u0171helytal\u00e1lkoz\u00f3, amely az online f\u00e9lret\u00e1j\u00e9koztat\u00e1sr\u00f3l \u00e9s csal\u00e1sr\u00f3l, t\u00f6bbek k\u00f6z\u00f6tt a mesters\u00e9ges intelligencia haszn\u00e1lat\u00e1r\u00f3l sz\u00f3l\u00f3 gyakorlati bemutat\u00f3kat tartalmazta, interakt\u00edv besz\u00e9lget\u00e9sekkel gazdagodott a kritikus gondolkod\u00e1s \u00e9s a m\u00e9diam\u0171velts\u00e9g fejleszt\u00e9se \u00e9rdek\u00e9ben.<\/p>\n<p><em><strong>Zempl\u00e9ni Par\u00e1d\u00e9\u00a0<\/strong><\/em><\/p>\n<p>A m\u00e1jusi fesztiv\u00e1l kultur\u00e1lis programja minden koroszt\u00e1ly sz\u00e1m\u00e1ra vonz\u00f3 volt, k\u00fcl\u00f6nf\u00e9le folkl\u00f3r el\u0151ad\u00e1sokat, t\u00e1nciskol\u00e1t, mozg\u00e1sgyakorlatokat, hagyom\u00e1nyos \u00e9telek f\u0151z\u00e9s\u00e9t, kreat\u00edv m\u0171helyeket \u00e9s egy\u00e9b \u00e9rdekes tev\u00e9kenys\u00e9geket ny\u00fajtott.<\/p>\n<p><strong><em>M\u0171v\u00e9szet \u00e9s Kult\u00fara Napja Szepess\u00e9gben<\/em>\u00a0<\/strong><\/p>\n<p>Eg\u00e9sz napos interakt\u00edv programot k\u00edn\u00e1lt a kassai \u00f6nkorm\u00e1nyzati r\u00e9gi\u00f3 megyei napjai keret\u00e9ben szervezett rendezv\u00e9ny, amely k\u00f6zelebb hozta a Szepesi Sz\u00ednh\u00e1z munk\u00e1j\u00e1t \u00e9s eredm\u00e9nyeit. V\u00e1ltozatos programokkal v\u00e1rt\u00e1k a n\u00e9z\u0151ket, t\u00f6bbek k\u00f6z\u00f6tt koncertekkel, utcasz\u00ednh\u00e1zzal, k\u00fcl\u00f6nf\u00e9le gyerekz\u00f3n\u00e1kkal, gasztron\u00f3mi\u00e1val \u00e9s egy\u00e9b vonz\u00f3 programokkal.<\/p>\n<p><em><strong>Kassa Megyei Fesztiv\u00e1l<\/strong><\/em><\/p>\n<p>A Kassai Megyei m\u00e1jusi fesztiv\u00e1l c\u00e9lja a hagyom\u00e1nyos folkl\u00f3r bemutat\u00e1sa volt, ahol jubil\u00e1l\u00f3 folkl\u00f3regy\u00fcttesek \u00e9s az ismert \u00e9nekes, \u0160tefan \u0160tec mutatkozott be Fajta c\u00edm\u0171 n\u00e9pzen\u00e9j\u00e9vel. A projekt sokr\u00e9t\u0171 tev\u00e9kenys\u00e9gen kereszt\u00fcl mutatta be a hagyom\u00e1nyos kult\u00fara gazdags\u00e1g\u00e1t \u00e9s a Megyei Napok rendezv\u00e9ny m\u00e9lt\u00f3 z\u00e1r\u00e1s\u00e1nak bizonyult.<\/p>\n<p><em><strong>G\u00f6m\u00f6ri Hagyom\u00e1ny- \u00e9s M\u0171v\u00e9szeti Fesztiv\u00e1l<\/strong><\/em><\/p>\n<p>Az \u00e1prilisi rozsny\u00f3i k\u00e9zm\u0171ves v\u00e1s\u00e1ron gyermek \u00e9s feln\u0151tt folkl\u00f3regy\u00fcttesek, valamint n\u00e9pi k\u00eds\u00e9r\u0151 zenei csoportok mutatkoztak be. A r\u00e9sztvev\u0151k kreat\u00edv workshopokat, hagyom\u00e1nyos g\u00f6m\u00f6ri gasztron\u00f3miai \u00e9s k\u00e9zm\u0171ves foglalkoz\u00e1sokat pr\u00f3b\u00e1lhattak ki.<\/p>\n<p><em><strong>A turizmus fenntarthat\u00f3 j\u00f6v\u0151je\u00a0<\/strong><\/em><\/p>\n<p>A szakmai konferencia f\u0151 gondolata az volt, hogy platformot teremtsen a turizmus ter\u00fclet\u00e9n tev\u00e9kenyked\u0151 szakemberek \u00e9s szerepl\u0151k tal\u00e1lkoz\u00e1s\u00e1ra. A rendezv\u00e9ny els\u0151dleges tartalma a turizmus fejleszt\u00e9s\u00e9t szolg\u00e1l\u00f3 szakmai tapasztalat- \u00e9s j\u00f3 gyakorlati p\u00e9ld\u00e1k cser\u00e9je, az \u00e1llampolg\u00e1rok bevon\u00e1sa a szolg\u00e1ltat\u00e1sok min\u0151s\u00e9g\u00e9nek jav\u00edt\u00e1s\u00e1ba. \u00a0A k\u00fclf\u00f6ldi vend\u00e9gek \u00e9s a magyar partnerek sz\u00e1m\u00e1ra k\u00eds\u00e9r\u0151 programot biztos\u00edtottak v\u00e1rosn\u00e9z\u00e9s vagy helyi specialit\u00e1sok k\u00f3stol\u00e1sa form\u00e1j\u00e1ban.<\/p>\n<p><em><strong>J\u00faniusi fesztiv\u00e1l hat\u00e1rok n\u00e9lk\u00fcl<\/strong><\/em><\/p>\n<p>M\u00e1jus \u00e9s j\u00fanius fordul\u00f3j\u00e1n h\u00e1romnapos fesztiv\u00e1lt rendeztek Rimaszombaton, amely a legkisebbekt\u0151l a nyugd\u00edjasokig minden gener\u00e1ci\u00f3nak sz\u00f3lt. Ennek r\u00e9sze volt egy csal\u00e1di nap a gyerekeknek \u00e9s sz\u00fcleiknek val\u00f3 foglalkoz\u00e1sokkal, majd egy koncertnap k\u00f6vetkezett, amely gazdag \u00e9s v\u00e1ltozatos zenei programot k\u00edn\u00e1lt.<\/p>\n<p><em><strong>K\u00f6rnyezet\u00fcnk k\u00f6z\u00f6s \u00fcgy<\/strong><\/em><\/p>\n<p>A\u00a0p\u00e1ly\u00e1zaton bel\u00fcl programsorozat val\u00f3sult meg k\u00f6rnyezetv\u00e9delmi \u00e9s sport t\u00e9m\u00e1ban ahol a\u00a0megh\u00edvott el\u0151ad\u00f3k interakt\u00edv m\u00f3don a tapasztalataikat osztot\u00e1k meg a r\u00e9sztvev\u0151kkel.<\/p>\n<p><em><strong>Hat\u00e1ron \u00e1t\u00edvel\u0151 gyereknap<\/strong><\/em><\/p>\n<p>A gyereknapi rendezv\u00e9nysorozat a v\u00e1rmegye t\u00f6rt\u00e9nelmileg \u00e9s kultur\u00e1lisan is meghat\u00e1roz\u00f3 helysz\u00ednein, 3 alkalommal ker\u00fclt megrendez\u00e9sre.<\/p>\n<p><em><strong>Ember \u00e9s term\u00e9szet kapcsolata<\/strong><\/em><\/p>\n<p>A Projekt keret\u00e9ben a\u00a0hat\u00e1r k\u00f6zel\u00e9ben term\u00e9szetismereti \u00e9s k\u00f6rnyezetv\u00e9delmi esem\u00e9nysorozatot tervezett, mely keretein bel\u00fcl fenntarthat\u00f3s\u00e1g t\u00e9mak\u00f6r\u00e9ben tud\u00e1smegoszt\u00f3 Csal\u00e1di nap \u00e9s 4 alkalmas kir\u00e1ndul\u00e1s (term\u00e9szetj\u00e1r\u00e1s) val\u00f3sult meg.<\/p>\n<p><em><strong>V\u00e9dett Foglalkoztat\u00f3k Hat\u00e1ron \u00c1tny\u00fal\u00f3 Szakmai Konferenci\u00e1ja<\/strong><\/em><\/p>\n<p>A v\u00e9dett foglalkoztat\u00f3k hat\u00e1ron \u00e1tny\u00fal\u00f3 szakmai konferencia c\u00e9lja a megv\u00e1ltozott munkak\u00e9pess\u00e9g\u0171ek \u00e9s a nekik seg\u00edts\u00e9get, munkalehet\u0151s\u00e9geket k\u00edn\u00e1l\u00f3 int\u00e9zm\u00e9nyek, szervezetek egy\u00fcttm\u0171k\u00f6d\u00e9s\u00e9nek \u00f6szt\u00f6nz\u00e9se, t\u00e1mogat\u00e1sa magyar-szlov\u00e1k kooper\u00e1ci\u00f3ban.<\/p>\n<p><strong>\u00a0<\/strong><em><strong>Saj\u00f3 K\u00e9pz\u00e9si \u00e9s Hum\u00e1nfejleszt\u00e9si K\u00f6zpont Alap\u00edtv\u00e1ny<\/strong><\/em><\/p>\n<p>A p\u00e1ly\u00e1zatban 3&#215;2 csapat m\u00e9rte \u00f6ssze erej\u00e9t egy bar\u00e1ts\u00e1gos m\u00e9rk\u0151z\u00e9s keretein bel\u00fcl, ahol a gy\u0151zelmek mellett a sportszer\u0171s\u00e9g \u00e9s az \u00f6sszetartoz\u00e1s is fontos szerepet kap.<\/p>\n<p><em><strong>Arl\u00f3i hagyom\u00e1ny\u0151rz\u0151 \u00e9s k\u00f6z\u00f6ss\u00e9gi tal\u00e1lkoz\u00f3k<\/strong><\/em><\/p>\n<p>A projekt r\u00e9szek\u00e9nt egy Hagyom\u00e1ny\u0151rz\u0151 nap \u00e9s egy Kultur\u00e1lis nap ker\u00fcl megval\u00f3s\u00edt\u00e1sra. A rendezv\u00e9nyek c\u00e9lja, hogy a\u00a0p\u00e1ly\u00e1zat \u00f6sszehozza a k\u00fcl\u00f6nb\u00f6z\u0151 kultur\u00e1lis h\u00e1tter\u0171 embereket, egy\u00fctt meg\u00fcnnepelve a magyar \u00e9s a szlov\u00e1k kult\u00fara gazdags\u00e1g\u00e1t.<\/p>\n<p><em><strong>Oktat\u00e1si innov\u00e1ci\u00f3, digit\u00e1lis technol\u00f3gi\u00e1k az iskol\u00e1kban<\/strong><\/em><\/p>\n<p>A program keret\u00e9ben a Miskolci Egyetem adott helyet a konferenci\u00e1nak \u00e9s workshopoknak. A rendezv\u00e9ny k\u00f6z\u00e9piskol\u00e1s \u00e9s egyetemista di\u00e1koknak k\u00edn\u00e1ltlehet\u0151s\u00e9get arra, hogy olyan tanul\u00e1s-technik\u00e1kat, digit\u00e1lis k\u00e9szs\u00e9geket ismerhettek meg, melyek seg\u00edtik a k\u00f6z\u00e9piskolai \u00e9s korai egyetemi \u00e9vekben a tananyag elsaj\u00e1t\u00edt\u00e1s\u00e1t.<\/p>\n<p><em><strong>Quintessence kooper\u00e1ci\u00f3s napok<\/strong><\/em><\/p>\n<p>M\u00e1jusban az Ongai P\u00e1linkaversenyk\u00e9nt ismert esem\u00e9ny ker\u00fclt megrendez\u00e9sre Borsod-Aba\u00faj-Zempl\u00e9n V\u00e1rmegy\u00e9ben.\u00a0 A h\u00e9tv\u00e9gi, h\u00e1romnapos hagyom\u00e1ny\u0151rz\u0151, kultur\u00e1lis rendezv\u00e9ny f\u00f3kusza a p\u00e1linka, mint Hungaricum volt.<\/p>\n<p><em><strong>Hagyom\u00e1ny\u0151rz\u0151 \u00e9s k\u00f6z\u00f6ss\u00e9gi nap Em\u0151d\u00f6n<\/strong><\/em><\/p>\n<p>A projekt keret\u00e9ben a 2 rendezv\u00e9nyb\u0151l az els\u0151 rendezv\u00e9ny m\u00e1jusban megtart\u00e1sra ker\u00fclt, melynek keret\u00e9ben kultur\u00e1lis bemutat\u00f3k, zenei \u00e9s t\u00e1ncos produkci\u00f3k, gasztron\u00f3miai \u00e9lm\u00e9nyek hozt\u00e1k k\u00f6zelebb a r\u00e9sztvev\u0151ket egym\u00e1shoz.<\/p>\n<p><em><strong>Hagyom\u00e1ny\u0151rz\u0151 kultur\u00e1lis napok Edel\u00e9nyben<\/strong><\/em><\/p>\n<p>A projekt a magyar \u00e9s szlov\u00e1k kult\u00fara k\u00f6lcs\u00f6n\u00f6s megismer\u00e9s\u00e9re \u00e9s meg\u00e9rt\u00e9s\u00e9re ir\u00e1nyul. Ez \u00e9rdek\u00e9ben Kultur\u00e1lis rendezv\u00e9ny val\u00f3sul meg k\u00e9t alkalommal, melynek els\u0151 alkalma m\u00e1jusban ker\u00fclt megszervez\u00e9sre.<\/p>\n<p><em><strong>Csal\u00e1dbar\u00e1t falu<\/strong><\/em><\/p>\n<p>M\u00e1jusban megrendezett Csal\u00e1dbar\u00e1t falu rendezv\u00e9nyen a k\u00f6z\u00f6s programok alkalmasak voltak a r\u00e9sztvev\u0151k k\u00f6z\u00f6tti tapasztalatcser\u00e9re, kapcsolat\u00e9p\u00edt\u00e9sre. A programok r\u00e9v\u00e9n siker\u00fclt megismertetni a m\u00e1sik nemzet term\u00e9szeti \u00e9s kultur\u00e1lis \u00e9rt\u00e9keit is az eg\u00e9szs\u00e9gfejleszt\u00e9s mellett.<\/p>\n<p><em><strong>\u00c9rt\u00e9kes barangol\u00e1s konferenci\u00e1k szervez\u00e9se<\/strong><\/em><\/p>\n<p>Szabolcs-Szatm\u00e1r-Bereg V\u00e1rmegy\u00e9ben szervezett \u00c9rt\u00e9kes Barangol\u00e1sok c\u00edm\u0171 Nemzetk\u00f6zi Konferencia elindult, mely keret\u00e9ben a szakmai konferenci\u00e1k \u00e1ltal megismerhet\u0151 a k\u00e9t nemzet \u00e9rt\u00e9kei, a k\u00f6z\u00f6s uni\u00f3s \u00f6r\u00f6ks\u00e9g gazdags\u00e1ga.<\/p>\n<p><em><strong>Hat\u00e1ron \u00e1tny\u00fal\u00f3 programkavalk\u00e1d a B\u00e1n-v\u00f6lgy\u00e9ben<\/strong><\/em><\/p>\n<p>A kilenc programsorozatb\u00f3l 3 rendezv\u00e9ny m\u00e1jusban m\u00e1r megval\u00f3s\u00edt\u00e1sra ker\u00fclt. Az esem\u00e9nyek lehet\u0151s\u00e9get adtak a r\u00e9gi\u00f3ban \u00e9l\u0151k \u00e9s a hat\u00e1ron t\u00fal \u00e9l\u0151k sz\u00e1m\u00e1ra, hogy \u00e9rt\u00e9kes \u00e9s \u00e9lm\u00e9nyd\u00fas id\u0151t\u00f6lt\u00e9sben r\u00e9szes\u00fcljenek.<\/p>\n","protected":false},"excerpt":{"rendered":"<p>&nbsp; Befejez\u0151d\u00f6tt a Kisprojekt Alap 1.felh\u00edv\u00e1s\u00e1nak els\u0151 h\u00f3napja, aminek keret\u00e9ben Szlov\u00e1kia \u00e9s Magyarorsz\u00e1g lakosai sz\u00e1mos esem\u00e9nyen vehettek r\u00e9szt.\u00a0\u00a0A sportversenyekt\u0151l a kultur\u00e1lis fesztiv\u00e1lokon \u00e1t a szakmai konferenci\u00e1kig az eg\u00e9sz r\u00e9gi\u00f3 \u00e9letre kelt a k\u00fcl\u00f6nf\u00e9le tev\u00e9kenys\u00e9gekkel, amelyek er\u0151s\u00edtett\u00e9k a hat\u00e1rokon \u00e1tny\u00fal\u00f3 egy\u00fcttm\u0171k\u00f6d\u00e9st \u00e9s gazdag\u00edtott\u00e1k a helyi k\u00f6z\u00f6ss\u00e9geket. Az al\u00e1bbi mapp\u00e1ban megtekinthet\u0151ek\u00a0\u00a0az esem\u00e9nyek fot\u00f3i: https:\/\/spf-viacarpatia.eu\/hu\/gallery\/fotok-a-majusi-rendezvenyekrol\/ Carpatia Cup A [&hellip;]<\/p>\n","protected":false},"author":2,"featured_media":8583,"comment_status":"closed","ping_status":"open","sticky":false,"template":"","format":"standard","meta":{"inline_featured_image":false,"footnotes":""},"categories":[3],"tags":[],"class_list":["post-8579","post","type-post","status-publish","format-standard","has-post-thumbnail","hentry","category-uncategorized-hu"],"acf":[],"yoast_head":"<!-- This site is optimized with the Yoast SEO plugin v27.5 - https:\/\/yoast.com\/product\/yoast-seo-wordpress\/ -->\n<title>M\u00e1jus tele esem\u00e9nyekkel - spf-viacarpatia.eu | Fond mal\u00fdch projektov<\/title>\n<meta name=\"robots\" content=\"index, follow, max-snippet:-1, max-image-preview:large, max-video-preview:-1\" \/>\n<link rel=\"canonical\" href=\"https:\/\/spf-viacarpatia.eu\/hu\/majus-tele-esemenyekkel\/\" \/>\n<meta property=\"og:locale\" content=\"hu_HU\" \/>\n<meta property=\"og:type\" content=\"article\" \/>\n<meta property=\"og:title\" content=\"M\u00e1jus tele esem\u00e9nyekkel - spf-viacarpatia.eu | Fond mal\u00fdch projektov\" \/>\n<meta property=\"og:description\" content=\"&nbsp; Befejez\u0151d\u00f6tt a Kisprojekt Alap 1.felh\u00edv\u00e1s\u00e1nak els\u0151 h\u00f3napja, aminek keret\u00e9ben Szlov\u00e1kia \u00e9s Magyarorsz\u00e1g lakosai sz\u00e1mos esem\u00e9nyen vehettek r\u00e9szt.\u00a0\u00a0A sportversenyekt\u0151l a kultur\u00e1lis fesztiv\u00e1lokon \u00e1t a szakmai konferenci\u00e1kig az eg\u00e9sz r\u00e9gi\u00f3 \u00e9letre kelt a k\u00fcl\u00f6nf\u00e9le tev\u00e9kenys\u00e9gekkel, amelyek er\u0151s\u00edtett\u00e9k a hat\u00e1rokon \u00e1tny\u00fal\u00f3 egy\u00fcttm\u0171k\u00f6d\u00e9st \u00e9s gazdag\u00edtott\u00e1k a helyi k\u00f6z\u00f6ss\u00e9geket. Az al\u00e1bbi mapp\u00e1ban megtekinthet\u0151ek\u00a0\u00a0az esem\u00e9nyek fot\u00f3i: https:\/\/spf-viacarpatia.eu\/hu\/gallery\/fotok-a-majusi-rendezvenyekrol\/ Carpatia Cup A [&hellip;]\" \/>\n<meta property=\"og:url\" content=\"https:\/\/spf-viacarpatia.eu\/hu\/majus-tele-esemenyekkel\/\" \/>\n<meta property=\"og:site_name\" content=\"spf-viacarpatia.eu | Fond mal\u00fdch projektov\" \/>\n<meta property=\"article:published_time\" content=\"2024-06-05T12:31:39+00:00\" \/>\n<meta property=\"article:modified_time\" content=\"2024-06-05T12:49:56+00:00\" \/>\n<meta property=\"og:image\" content=\"https:\/\/spf-viacarpatia.eu\/wp-content\/uploads\/2024\/06\/Colorful-Modern-Paris-Photo-Collage-Instagram-Post-2.png\" \/>\n\t<meta property=\"og:image:width\" content=\"1080\" \/>\n\t<meta property=\"og:image:height\" content=\"1080\" \/>\n\t<meta property=\"og:image:type\" content=\"image\/png\" \/>\n<meta name=\"author\" content=\"viacarpatia\" \/>\n<meta name=\"twitter:card\" content=\"summary_large_image\" \/>\n<meta name=\"twitter:label1\" content=\"Szerz\u0151:\" \/>\n\t<meta name=\"twitter:data1\" content=\"viacarpatia\" \/>\n\t<meta name=\"twitter:label2\" content=\"Becs\u00fclt olvas\u00e1si id\u0151\" \/>\n\t<meta name=\"twitter:data2\" content=\"6 perc\" \/>\n<script type=\"application\/ld+json\" class=\"yoast-schema-graph\">{\"@context\":\"https:\\\/\\\/schema.org\",\"@graph\":[{\"@type\":\"Article\",\"@id\":\"https:\\\/\\\/spf-viacarpatia.eu\\\/hu\\\/majus-tele-esemenyekkel\\\/#article\",\"isPartOf\":{\"@id\":\"https:\\\/\\\/spf-viacarpatia.eu\\\/hu\\\/majus-tele-esemenyekkel\\\/\"},\"author\":{\"name\":\"viacarpatia\",\"@id\":\"https:\\\/\\\/spf-viacarpatia.eu\\\/#\\\/schema\\\/person\\\/277ebb22abd307244031b67cd127739f\"},\"headline\":\"M\u00e1jus tele esem\u00e9nyekkel\",\"datePublished\":\"2024-06-05T12:31:39+00:00\",\"dateModified\":\"2024-06-05T12:49:56+00:00\",\"mainEntityOfPage\":{\"@id\":\"https:\\\/\\\/spf-viacarpatia.eu\\\/hu\\\/majus-tele-esemenyekkel\\\/\"},\"wordCount\":1843,\"image\":{\"@id\":\"https:\\\/\\\/spf-viacarpatia.eu\\\/hu\\\/majus-tele-esemenyekkel\\\/#primaryimage\"},\"thumbnailUrl\":\"https:\\\/\\\/spf-viacarpatia.eu\\\/wp-content\\\/uploads\\\/2024\\\/06\\\/Colorful-Modern-Paris-Photo-Collage-Instagram-Post-2.png\",\"articleSection\":[\"Uncategorized @hu\"],\"inLanguage\":\"hu\"},{\"@type\":\"WebPage\",\"@id\":\"https:\\\/\\\/spf-viacarpatia.eu\\\/hu\\\/majus-tele-esemenyekkel\\\/\",\"url\":\"https:\\\/\\\/spf-viacarpatia.eu\\\/hu\\\/majus-tele-esemenyekkel\\\/\",\"name\":\"M\u00e1jus tele esem\u00e9nyekkel - spf-viacarpatia.eu | Fond mal\u00fdch projektov\",\"isPartOf\":{\"@id\":\"https:\\\/\\\/spf-viacarpatia.eu\\\/#website\"},\"primaryImageOfPage\":{\"@id\":\"https:\\\/\\\/spf-viacarpatia.eu\\\/hu\\\/majus-tele-esemenyekkel\\\/#primaryimage\"},\"image\":{\"@id\":\"https:\\\/\\\/spf-viacarpatia.eu\\\/hu\\\/majus-tele-esemenyekkel\\\/#primaryimage\"},\"thumbnailUrl\":\"https:\\\/\\\/spf-viacarpatia.eu\\\/wp-content\\\/uploads\\\/2024\\\/06\\\/Colorful-Modern-Paris-Photo-Collage-Instagram-Post-2.png\",\"datePublished\":\"2024-06-05T12:31:39+00:00\",\"dateModified\":\"2024-06-05T12:49:56+00:00\",\"author\":{\"@id\":\"https:\\\/\\\/spf-viacarpatia.eu\\\/#\\\/schema\\\/person\\\/277ebb22abd307244031b67cd127739f\"},\"inLanguage\":\"hu\",\"potentialAction\":[{\"@type\":\"ReadAction\",\"target\":[\"https:\\\/\\\/spf-viacarpatia.eu\\\/hu\\\/majus-tele-esemenyekkel\\\/\"]}]},{\"@type\":\"ImageObject\",\"inLanguage\":\"hu\",\"@id\":\"https:\\\/\\\/spf-viacarpatia.eu\\\/hu\\\/majus-tele-esemenyekkel\\\/#primaryimage\",\"url\":\"https:\\\/\\\/spf-viacarpatia.eu\\\/wp-content\\\/uploads\\\/2024\\\/06\\\/Colorful-Modern-Paris-Photo-Collage-Instagram-Post-2.png\",\"contentUrl\":\"https:\\\/\\\/spf-viacarpatia.eu\\\/wp-content\\\/uploads\\\/2024\\\/06\\\/Colorful-Modern-Paris-Photo-Collage-Instagram-Post-2.png\",\"width\":1080,\"height\":1080},{\"@type\":\"WebSite\",\"@id\":\"https:\\\/\\\/spf-viacarpatia.eu\\\/#website\",\"url\":\"https:\\\/\\\/spf-viacarpatia.eu\\\/\",\"name\":\"ViaCarpatia\",\"description\":\"Fond mal\u00fdch projektov\",\"alternateName\":\"ViaCarpatia\",\"potentialAction\":[{\"@type\":\"SearchAction\",\"target\":{\"@type\":\"EntryPoint\",\"urlTemplate\":\"https:\\\/\\\/spf-viacarpatia.eu\\\/?s={search_term_string}\"},\"query-input\":{\"@type\":\"PropertyValueSpecification\",\"valueRequired\":true,\"valueName\":\"search_term_string\"}}],\"inLanguage\":\"hu\"},{\"@type\":\"Person\",\"@id\":\"https:\\\/\\\/spf-viacarpatia.eu\\\/#\\\/schema\\\/person\\\/277ebb22abd307244031b67cd127739f\",\"name\":\"viacarpatia\",\"image\":{\"@type\":\"ImageObject\",\"inLanguage\":\"hu\",\"@id\":\"https:\\\/\\\/secure.gravatar.com\\\/avatar\\\/bba74006701163acde19f8e575cb017e72fee5f1d026e5409c03c3812cd5ffd0?s=96&d=mm&r=g\",\"url\":\"https:\\\/\\\/secure.gravatar.com\\\/avatar\\\/bba74006701163acde19f8e575cb017e72fee5f1d026e5409c03c3812cd5ffd0?s=96&d=mm&r=g\",\"contentUrl\":\"https:\\\/\\\/secure.gravatar.com\\\/avatar\\\/bba74006701163acde19f8e575cb017e72fee5f1d026e5409c03c3812cd5ffd0?s=96&d=mm&r=g\",\"caption\":\"viacarpatia\"},\"url\":\"https:\\\/\\\/spf-viacarpatia.eu\\\/hu\\\/author\\\/viacarpatia\\\/\"}]}<\/script>\n<!-- \/ Yoast SEO plugin. -->","yoast_head_json":{"title":"M\u00e1jus tele esem\u00e9nyekkel - spf-viacarpatia.eu | Fond mal\u00fdch projektov","robots":{"index":"index","follow":"follow","max-snippet":"max-snippet:-1","max-image-preview":"max-image-preview:large","max-video-preview":"max-video-preview:-1"},"canonical":"https:\/\/spf-viacarpatia.eu\/hu\/majus-tele-esemenyekkel\/","og_locale":"hu_HU","og_type":"article","og_title":"M\u00e1jus tele esem\u00e9nyekkel - spf-viacarpatia.eu | Fond mal\u00fdch projektov","og_description":"&nbsp; Befejez\u0151d\u00f6tt a Kisprojekt Alap 1.felh\u00edv\u00e1s\u00e1nak els\u0151 h\u00f3napja, aminek keret\u00e9ben Szlov\u00e1kia \u00e9s Magyarorsz\u00e1g lakosai sz\u00e1mos esem\u00e9nyen vehettek r\u00e9szt.\u00a0\u00a0A sportversenyekt\u0151l a kultur\u00e1lis fesztiv\u00e1lokon \u00e1t a szakmai konferenci\u00e1kig az eg\u00e9sz r\u00e9gi\u00f3 \u00e9letre kelt a k\u00fcl\u00f6nf\u00e9le tev\u00e9kenys\u00e9gekkel, amelyek er\u0151s\u00edtett\u00e9k a hat\u00e1rokon \u00e1tny\u00fal\u00f3 egy\u00fcttm\u0171k\u00f6d\u00e9st \u00e9s gazdag\u00edtott\u00e1k a helyi k\u00f6z\u00f6ss\u00e9geket. Az al\u00e1bbi mapp\u00e1ban megtekinthet\u0151ek\u00a0\u00a0az esem\u00e9nyek fot\u00f3i: https:\/\/spf-viacarpatia.eu\/hu\/gallery\/fotok-a-majusi-rendezvenyekrol\/ Carpatia Cup A [&hellip;]","og_url":"https:\/\/spf-viacarpatia.eu\/hu\/majus-tele-esemenyekkel\/","og_site_name":"spf-viacarpatia.eu | Fond mal\u00fdch projektov","article_published_time":"2024-06-05T12:31:39+00:00","article_modified_time":"2024-06-05T12:49:56+00:00","og_image":[{"width":1080,"height":1080,"url":"https:\/\/spf-viacarpatia.eu\/wp-content\/uploads\/2024\/06\/Colorful-Modern-Paris-Photo-Collage-Instagram-Post-2.png","type":"image\/png"}],"author":"viacarpatia","twitter_card":"summary_large_image","twitter_misc":{"Szerz\u0151:":"viacarpatia","Becs\u00fclt olvas\u00e1si id\u0151":"6 perc"},"schema":{"@context":"https:\/\/schema.org","@graph":[{"@type":"Article","@id":"https:\/\/spf-viacarpatia.eu\/hu\/majus-tele-esemenyekkel\/#article","isPartOf":{"@id":"https:\/\/spf-viacarpatia.eu\/hu\/majus-tele-esemenyekkel\/"},"author":{"name":"viacarpatia","@id":"https:\/\/spf-viacarpatia.eu\/#\/schema\/person\/277ebb22abd307244031b67cd127739f"},"headline":"M\u00e1jus tele esem\u00e9nyekkel","datePublished":"2024-06-05T12:31:39+00:00","dateModified":"2024-06-05T12:49:56+00:00","mainEntityOfPage":{"@id":"https:\/\/spf-viacarpatia.eu\/hu\/majus-tele-esemenyekkel\/"},"wordCount":1843,"image":{"@id":"https:\/\/spf-viacarpatia.eu\/hu\/majus-tele-esemenyekkel\/#primaryimage"},"thumbnailUrl":"https:\/\/spf-viacarpatia.eu\/wp-content\/uploads\/2024\/06\/Colorful-Modern-Paris-Photo-Collage-Instagram-Post-2.png","articleSection":["Uncategorized @hu"],"inLanguage":"hu"},{"@type":"WebPage","@id":"https:\/\/spf-viacarpatia.eu\/hu\/majus-tele-esemenyekkel\/","url":"https:\/\/spf-viacarpatia.eu\/hu\/majus-tele-esemenyekkel\/","name":"M\u00e1jus tele esem\u00e9nyekkel - spf-viacarpatia.eu | Fond mal\u00fdch projektov","isPartOf":{"@id":"https:\/\/spf-viacarpatia.eu\/#website"},"primaryImageOfPage":{"@id":"https:\/\/spf-viacarpatia.eu\/hu\/majus-tele-esemenyekkel\/#primaryimage"},"image":{"@id":"https:\/\/spf-viacarpatia.eu\/hu\/majus-tele-esemenyekkel\/#primaryimage"},"thumbnailUrl":"https:\/\/spf-viacarpatia.eu\/wp-content\/uploads\/2024\/06\/Colorful-Modern-Paris-Photo-Collage-Instagram-Post-2.png","datePublished":"2024-06-05T12:31:39+00:00","dateModified":"2024-06-05T12:49:56+00:00","author":{"@id":"https:\/\/spf-viacarpatia.eu\/#\/schema\/person\/277ebb22abd307244031b67cd127739f"},"inLanguage":"hu","potentialAction":[{"@type":"ReadAction","target":["https:\/\/spf-viacarpatia.eu\/hu\/majus-tele-esemenyekkel\/"]}]},{"@type":"ImageObject","inLanguage":"hu","@id":"https:\/\/spf-viacarpatia.eu\/hu\/majus-tele-esemenyekkel\/#primaryimage","url":"https:\/\/spf-viacarpatia.eu\/wp-content\/uploads\/2024\/06\/Colorful-Modern-Paris-Photo-Collage-Instagram-Post-2.png","contentUrl":"https:\/\/spf-viacarpatia.eu\/wp-content\/uploads\/2024\/06\/Colorful-Modern-Paris-Photo-Collage-Instagram-Post-2.png","width":1080,"height":1080},{"@type":"WebSite","@id":"https:\/\/spf-viacarpatia.eu\/#website","url":"https:\/\/spf-viacarpatia.eu\/","name":"ViaCarpatia","description":"Fond mal\u00fdch projektov","alternateName":"ViaCarpatia","potentialAction":[{"@type":"SearchAction","target":{"@type":"EntryPoint","urlTemplate":"https:\/\/spf-viacarpatia.eu\/?s={search_term_string}"},"query-input":{"@type":"PropertyValueSpecification","valueRequired":true,"valueName":"search_term_string"}}],"inLanguage":"hu"},{"@type":"Person","@id":"https:\/\/spf-viacarpatia.eu\/#\/schema\/person\/277ebb22abd307244031b67cd127739f","name":"viacarpatia","image":{"@type":"ImageObject","inLanguage":"hu","@id":"https:\/\/secure.gravatar.com\/avatar\/bba74006701163acde19f8e575cb017e72fee5f1d026e5409c03c3812cd5ffd0?s=96&d=mm&r=g","url":"https:\/\/secure.gravatar.com\/avatar\/bba74006701163acde19f8e575cb017e72fee5f1d026e5409c03c3812cd5ffd0?s=96&d=mm&r=g","contentUrl":"https:\/\/secure.gravatar.com\/avatar\/bba74006701163acde19f8e575cb017e72fee5f1d026e5409c03c3812cd5ffd0?s=96&d=mm&r=g","caption":"viacarpatia"},"url":"https:\/\/spf-viacarpatia.eu\/hu\/author\/viacarpatia\/"}]}},"_links":{"self":[{"href":"https:\/\/spf-viacarpatia.eu\/hu\/wp-json\/wp\/v2\/posts\/8579","targetHints":{"allow":["GET"]}}],"collection":[{"href":"https:\/\/spf-viacarpatia.eu\/hu\/wp-json\/wp\/v2\/posts"}],"about":[{"href":"https:\/\/spf-viacarpatia.eu\/hu\/wp-json\/wp\/v2\/types\/post"}],"author":[{"embeddable":true,"href":"https:\/\/spf-viacarpatia.eu\/hu\/wp-json\/wp\/v2\/users\/2"}],"replies":[{"embeddable":true,"href":"https:\/\/spf-viacarpatia.eu\/hu\/wp-json\/wp\/v2\/comments?post=8579"}],"version-history":[{"count":4,"href":"https:\/\/spf-viacarpatia.eu\/hu\/wp-json\/wp\/v2\/posts\/8579\/revisions"}],"predecessor-version":[{"id":8586,"href":"https:\/\/spf-viacarpatia.eu\/hu\/wp-json\/wp\/v2\/posts\/8579\/revisions\/8586"}],"wp:featuredmedia":[{"embeddable":true,"href":"https:\/\/spf-viacarpatia.eu\/hu\/wp-json\/wp\/v2\/media\/8583"}],"wp:attachment":[{"href":"https:\/\/spf-viacarpatia.eu\/hu\/wp-json\/wp\/v2\/media?parent=8579"}],"wp:term":[{"taxonomy":"category","embeddable":true,"href":"https:\/\/spf-viacarpatia.eu\/hu\/wp-json\/wp\/v2\/categories?post=8579"},{"taxonomy":"post_tag","embeddable":true,"href":"https:\/\/spf-viacarpatia.eu\/hu\/wp-json\/wp\/v2\/tags?post=8579"}],"curies":[{"name":"wp","href":"https:\/\/api.w.org\/{rel}","templated":true}]}}