{"id":8921,"date":"2024-08-02T14:19:34","date_gmt":"2024-08-02T12:19:34","guid":{"rendered":"https:\/\/spf-viacarpatia.eu\/?p=8921"},"modified":"2024-08-02T14:54:31","modified_gmt":"2024-08-02T12:54:31","slug":"8921","status":"publish","type":"post","link":"https:\/\/spf-viacarpatia.eu\/hu\/8921\/","title":{"rendered":"J\u00falius tele esem\u00e9nyekkel"},"content":{"rendered":"<p>A\u00a0 Kisprojekt Alap \u00e1ltal t\u00e1mogatott esem\u00e9nyek\u00a0 j\u00faliusban\u00a0 is gazdag programmal v\u00e1rt\u00e1k a szlov\u00e1kiai \u00e9s magyarorsz\u00e1gi embereket.\u00a0\u00a0Id\u0151seket c\u00e9lz\u00f3 sportversenyek, nemzetk\u00f6zi ifj\u00fas\u00e1gi labdar\u00fag\u00f3 torna, kultur\u00e1lis fesztiv\u00e1lok, szakmai konferenci\u00e1k \u00e9s hagyom\u00e1nyokkal rendelkez\u0151 \u00fcnnepek ker\u00fcltek megszervez\u00e9sre.\u00a0\u00a0\u00a0Az eg\u00e9sz r\u00e9gi\u00f3 megelevenedett a hat\u00e1rokon \u00e1tny\u00fal\u00f3 egy\u00fcttm\u0171k\u00f6d\u00e9st er\u0151s\u00edt\u0151 \u00e9s a helyi k\u00f6z\u00f6ss\u00e9geket gazdag\u00edt\u00f3 v\u00e1ltozatos tev\u00e9kenys\u00e9gek \u00e1ltal. A j\u00faliusi esem\u00e9nyekr\u0151l k\u00e9sz\u00fclt fot\u00f3k ebben az albumban l\u00e1that\u00f3ak.<\/p>\n<p><img loading=\"lazy\" decoding=\"async\" class=\"size-medium wp-image-8919 aligncenter\" src=\"https:\/\/spf-viacarpatia.eu\/wp-content\/uploads\/2024\/08\/2-4-300x300.png\" alt=\"\" width=\"300\" height=\"300\" srcset=\"https:\/\/spf-viacarpatia.eu\/wp-content\/uploads\/2024\/08\/2-4-300x300.png 300w, https:\/\/spf-viacarpatia.eu\/wp-content\/uploads\/2024\/08\/2-4-1024x1024.png 1024w, https:\/\/spf-viacarpatia.eu\/wp-content\/uploads\/2024\/08\/2-4-150x150.png 150w, https:\/\/spf-viacarpatia.eu\/wp-content\/uploads\/2024\/08\/2-4-768x768.png 768w, https:\/\/spf-viacarpatia.eu\/wp-content\/uploads\/2024\/08\/2-4.png 1080w\" sizes=\"auto, (max-width: 300px) 100vw, 300px\" \/><\/p>\n<p><strong>Mez\u0151k\u00f6vesdi K\u00d6ZKINCS-T\u00c1R <\/strong>Kultur\u00e1lis<strong>, K\u00f6nyvt\u00e1ri, Turisztikai \u00e9s M\u00fazeumi Nonprofit Korl\u00e1tolt Felel\u0151ss\u00e9g\u0171 T\u00e1rsas\u00e1g &#8211; <u>Maty\u00f3 Kincsek &#8211; Mez\u0151k\u00f6vesd V\u00e1rosnapja<\/u><\/strong><\/p>\n<p>A minden \u00e9vben megrendezend\u0151 csal\u00e1dbar\u00e1t rendezv\u00e9nyen a kultur\u00e1lis programok keretein bel\u00fcl helyi m\u0171v\u00e9szek, zenekarok \u00e9s t\u00e1nccsoportok l\u00e9ptek fel modern \u00e9s n\u00e9pi st\u00edlusban.<\/p>\n<p><strong>Sz\u00f6gliget K\u00f6zs\u00e9g \u00d6nkorm\u00e1nyzata &#8211; <u>Kult\u00farBor<\/u><\/strong><\/p>\n<p>A projekt f\u0151 pill\u00e9rei a kult\u00fara, hagyom\u00e1ny\u0151rz\u00e9s \u00e9s gasztron\u00f3mia-bor\u00e1szat volt. A\u00a0sz\u00f6gligeti Ny\u00e1rind\u00edt\u00f3 rendezv\u00e9ny lehet\u0151s\u00e9get adott a helyi \u00edzek, helyi \u00e9s hat\u00e1ron t\u00fali kult\u00fara megismer\u00e9s\u00e9re.<\/p>\n<p><strong>Z\u00f6ld \u00dat Alap\u00edtv\u00e1ny &#8211; <u>Na\u0161e \u017eivotn\u00e9 prostredie je spolo\u010dnou vecou<\/u><\/strong><\/p>\n<p>V r\u00e1mci projektu boli zorganizovan\u00e9 dva detsk\u00e9 t\u00e1bory na t\u00e9mu \u0161port a ochrana \u017eivotn\u00e9ho prostredia. V d\u00f4sledu spestrenia t\u00e1bora boli pozvan\u00ed odborn\u00edci z n\u00e1rodn\u00e9ho parku Aggtelek, lesn\u00edci a \u0161portovci.<\/p>\n<p><strong>Er\u0151m\u0171 Kort\u00e1rs M\u0171v\u00e9szeti Egyes\u00fclet &#8211; <u>Borsodn\u00e1dasdi k\u00f6z\u00f6ss\u00e9gi programok<\/u><\/strong><\/p>\n<p>J\u00faliusban a nagy hagyom\u00e1nyoknak \u00f6rvend\u0151 Moln\u00e1rkal\u00e1cs Fesztiv\u00e1l kieg\u00e9sz\u00edt\u00e9sek\u00e9nt megval\u00f3sul\u00f3 rendezv\u00e9nyen a r\u00e9sztvev\u0151k megismerhett\u00e9k a borsodn\u00e1dasdi moln\u00e1rkal\u00e1cs s\u00fct\u00e9s \u00e9s s\u00fct\u0151vas k\u00e9sz\u00edt\u00e9s \u00e9l\u0151 hagyom\u00e1ny\u00e1t sz\u00e1mos kultur\u00e1lis \u00e9s k\u00f6z\u00f6ss\u00e9g\u00e9p\u00edt\u0151 program k\u00eds\u00e9ret\u00e9ben.<\/p>\n<p><strong>Senior olimpia 2024 <\/strong><\/p>\n<p>J\u00falius elej\u00e9n k\u00f6zel 80 f\u0151 r\u00e9szv\u00e9tel\u00e9vel zajlott le a 2024-es nemzetk\u00f6zi Senior Olimpia sportesem\u00e9ny a Kassa-D\u00e9l \u00d6nkorm\u00e1nyzati Ker\u00fclet v\u00e1rosr\u00e9szen. A senior sportol\u00f3k 5 k\u00fcl\u00f6nb\u00f6z\u0151 sport\u00e1gban &#8211; tenisz, asztalitenisz, darts, \u00fasz\u00e1s \u00e9s teke &#8211; versenyeztek. A rendezv\u00e9ny a szlov\u00e1k \u00e9s magyar r\u00e9sztvev\u0151k k\u00f6z\u00f6tt a bar\u00e1ts\u00e1got, a sporthoz val\u00f3 viszonyt, a kollegialit\u00e1st \u00e9s a k\u00f6lcs\u00f6n\u00f6s tiszteletet n\u00e9pszer\u0171s\u00edtette, nemcsak a senior koroszt\u00e1lyban.<\/p>\n<p><strong><em>Sport a hat\u00e1rokon \u00e1tny\u00fal\u00f3 egy\u00fcttm\u0171k\u00f6d\u00e9s er\u0151s\u00edt\u00e9se \u00e9rdek\u00e9ben <\/em><\/strong><\/p>\n<p>A j\u00faliusi rozsny\u00f3i Nemzetk\u00f6zi Ifj\u00fas\u00e1gi Labdar\u00fag\u00f3 Torna mag\u00e1b\u00f3l a sportesem\u00e9nyb\u0151l, egy kultur\u00e1lis esem\u00e9nyb\u0151l \u00e9s egy sportt\u00f6rt\u00e9neti el\u0151ad\u00e1sokkal gazdag\u00edtott szakmai programb\u00f3l \u00e1llt. A sportesem\u00e9ny r\u00e9sze volt a hat\u00e1rmenti r\u00e9gi\u00f3 kultur\u00e1lis nevezetess\u00e9geinek felfedez\u00e9se, valamint a nagyk\u00f6z\u00f6ns\u00e9g sz\u00e1m\u00e1ra vonz\u00f3 szlov\u00e1k \u00e9s magyar zenei egy\u00fcttesek fell\u00e9p\u00e9se is.<\/p>\n<p><strong>Gombasz\u00f6gi Ny\u00e1ri T\u00e1bor: Zenei \u00e9s kultur\u00e1lis fesztiv\u00e1l<\/strong><\/p>\n<p>Gy\u00f6ny\u00f6r\u0171 k\u00f6rnyezetben megrendezett j\u00faliusi 6 napos rendezv\u00e9ny t\u00f6bb mint 80 koncertet \u00e9s 400 k\u00fcl\u00f6nb\u00f6z\u0151 programot k\u00edn\u00e1lt a l\u00e1togat\u00f3knak. A fesztiv\u00e1l gazdag kultur\u00e1lis programmal, t\u00f6bbek k\u00f6z\u00f6tt workshopokkal, besz\u00e9lget\u00e9sekkel \u00e9s m\u0171v\u00e9szeti ki\u00e1ll\u00edt\u00e1sokkal v\u00e1rta az \u00e9rdekl\u0151d\u0151ket, egyed\u00fcl\u00e1ll\u00f3 lehet\u0151s\u00e9get biztos\u00edtva a helyi hagyom\u00e1nyok megismer\u00e9s\u00e9re \u00e9s felejthetetlen \u00e9lm\u00e9nyt ny\u00fajtva. A l\u00e1togat\u00f3knak lehet\u0151s\u00e9g\u00fck volt k\u00fcl\u00f6nb\u00f6z\u0151 tev\u00e9kenys\u00e9gekben r\u00e9szt venni, felfedezni a tehets\u00e9ges m\u0171v\u00e9szek munk\u00e1ss\u00e1g\u00e1t, \u00e9s \u00e9lvezni a zen\u00e9vel, m\u0171v\u00e9szettel \u00e9s kult\u00far\u00e1val teli autentikus l\u00e9gk\u00f6rt.<\/p>\n<p><strong>Debr\u0151di Szent L\u00e1szl\u00f3 B\u00facs\u00fa<\/strong><\/p>\n<p>J\u00falius 6-\u00e1n a\u00a0debr\u0151di Szent L\u00e1szl\u00f3 b\u00facs\u00fa a\u00a0hagyom\u00e1nyos \u00fcnnepi szentmis\u00e9vel \u00e9rt v\u00e9get a gy\u00f6ny\u00f6r\u0171 Szent L\u00e1szl\u00f3 N\u00f6v\u00e9nytemplomban. A nap folyam\u00e1n a l\u00e1togat\u00f3kat v\u00e1ltozatos programok v\u00e1rt\u00e1k, amely mag\u00e1ban foglalta a\u00a0fell\u00e9p\u0151k m\u0171sorait \u00a0\u00e9s k\u00e9zm\u0171ves tev\u00e9kenys\u00e9geket a gyerekek sz\u00e1m\u00e1ra. A hangulatot a hagyom\u00e1nyos friss\u00edt\u0151 standok \u00e9s a Szent L\u00e1szl\u00f3 tiszt\u00e1son tartott piknik fokozta.<\/p>\n<p>J\u00falius 12-\u00e9n a\u00a0konferencia keret\u00e9ben Debr\u0151d t\u00f6rt\u00e9nelme \u00e9s kult\u00far\u00e1ja ker\u00fclt bemutat\u00e1sra. A r\u00e9sztvev\u0151k el\u0151ad\u00e1sok form\u00e1j\u00e1ban ismerhett\u00e9k meg Debr\u0151d t\u00f6rt\u00e9net\u00e9t, Sz\u0171z M\u00e1ria jelen\u00e9seit \u00e9s a\u00a0k\u00f6zs\u00e9g \u00a0nevezetess\u00e9geit. A\u00a0konferencia eg\u00e9sz ideje\u00a0alatt Debr\u0151d \u00e9s k\u00f6rny\u00e9k\u00e9t bemutat\u00f3 fot\u00f3ki\u00e1ll\u00edt\u00e1s volt megtekinthet\u0151, \u00a0v\u00e9g\u00fcl az esem\u00e9ny z\u00e1r\u00e1sak\u00e9nt al\u00e1\u00edr\u00e1sra ker\u00fclt a\u00a0tart\u00f3s egy\u00fcttm\u0171k\u00f6d\u00e9st igazol\u00f3 egy\u00fcttm\u0171k\u00f6d\u00e9si meg\u00e1llapod\u00e1s.<\/p>\n","protected":false},"excerpt":{"rendered":"<p>A\u00a0 Kisprojekt Alap \u00e1ltal t\u00e1mogatott esem\u00e9nyek\u00a0 j\u00faliusban\u00a0 is gazdag programmal v\u00e1rt\u00e1k a szlov\u00e1kiai \u00e9s magyarorsz\u00e1gi embereket.\u00a0\u00a0Id\u0151seket c\u00e9lz\u00f3 sportversenyek, nemzetk\u00f6zi ifj\u00fas\u00e1gi labdar\u00fag\u00f3 torna, kultur\u00e1lis fesztiv\u00e1lok, szakmai konferenci\u00e1k \u00e9s hagyom\u00e1nyokkal rendelkez\u0151 \u00fcnnepek ker\u00fcltek megszervez\u00e9sre.\u00a0\u00a0\u00a0Az eg\u00e9sz r\u00e9gi\u00f3 megelevenedett a hat\u00e1rokon \u00e1tny\u00fal\u00f3 egy\u00fcttm\u0171k\u00f6d\u00e9st er\u0151s\u00edt\u0151 \u00e9s a helyi k\u00f6z\u00f6ss\u00e9geket gazdag\u00edt\u00f3 v\u00e1ltozatos tev\u00e9kenys\u00e9gek \u00e1ltal. A j\u00faliusi esem\u00e9nyekr\u0151l k\u00e9sz\u00fclt fot\u00f3k ebben az [&hellip;]<\/p>\n","protected":false},"author":2,"featured_media":8919,"comment_status":"closed","ping_status":"open","sticky":false,"template":"","format":"standard","meta":{"inline_featured_image":false,"footnotes":""},"categories":[3],"tags":[],"class_list":["post-8921","post","type-post","status-publish","format-standard","has-post-thumbnail","hentry","category-uncategorized-hu"],"acf":[],"yoast_head":"<!-- This site is optimized with the Yoast SEO plugin v27.5 - https:\/\/yoast.com\/product\/yoast-seo-wordpress\/ -->\n<title>J\u00falius tele esem\u00e9nyekkel - spf-viacarpatia.eu | Fond mal\u00fdch projektov<\/title>\n<meta name=\"robots\" content=\"index, follow, max-snippet:-1, max-image-preview:large, max-video-preview:-1\" \/>\n<link rel=\"canonical\" href=\"https:\/\/spf-viacarpatia.eu\/hu\/8921\/\" \/>\n<meta property=\"og:locale\" content=\"hu_HU\" \/>\n<meta property=\"og:type\" content=\"article\" \/>\n<meta property=\"og:title\" content=\"J\u00falius tele esem\u00e9nyekkel - spf-viacarpatia.eu | Fond mal\u00fdch projektov\" \/>\n<meta property=\"og:description\" content=\"A\u00a0 Kisprojekt Alap \u00e1ltal t\u00e1mogatott esem\u00e9nyek\u00a0 j\u00faliusban\u00a0 is gazdag programmal v\u00e1rt\u00e1k a szlov\u00e1kiai \u00e9s magyarorsz\u00e1gi embereket.\u00a0\u00a0Id\u0151seket c\u00e9lz\u00f3 sportversenyek, nemzetk\u00f6zi ifj\u00fas\u00e1gi labdar\u00fag\u00f3 torna, kultur\u00e1lis fesztiv\u00e1lok, szakmai konferenci\u00e1k \u00e9s hagyom\u00e1nyokkal rendelkez\u0151 \u00fcnnepek ker\u00fcltek megszervez\u00e9sre.\u00a0\u00a0\u00a0Az eg\u00e9sz r\u00e9gi\u00f3 megelevenedett a hat\u00e1rokon \u00e1tny\u00fal\u00f3 egy\u00fcttm\u0171k\u00f6d\u00e9st er\u0151s\u00edt\u0151 \u00e9s a helyi k\u00f6z\u00f6ss\u00e9geket gazdag\u00edt\u00f3 v\u00e1ltozatos tev\u00e9kenys\u00e9gek \u00e1ltal. A j\u00faliusi esem\u00e9nyekr\u0151l k\u00e9sz\u00fclt fot\u00f3k ebben az [&hellip;]\" \/>\n<meta property=\"og:url\" content=\"https:\/\/spf-viacarpatia.eu\/hu\/8921\/\" \/>\n<meta property=\"og:site_name\" content=\"spf-viacarpatia.eu | Fond mal\u00fdch projektov\" \/>\n<meta property=\"article:published_time\" content=\"2024-08-02T12:19:34+00:00\" \/>\n<meta property=\"article:modified_time\" content=\"2024-08-02T12:54:31+00:00\" \/>\n<meta property=\"og:image\" content=\"https:\/\/spf-viacarpatia.eu\/wp-content\/uploads\/2024\/08\/2-4.png\" \/>\n\t<meta property=\"og:image:width\" content=\"1080\" \/>\n\t<meta property=\"og:image:height\" content=\"1080\" \/>\n\t<meta property=\"og:image:type\" content=\"image\/png\" \/>\n<meta name=\"author\" content=\"viacarpatia\" \/>\n<meta name=\"twitter:card\" content=\"summary_large_image\" \/>\n<meta name=\"twitter:label1\" content=\"Szerz\u0151:\" \/>\n\t<meta name=\"twitter:data1\" content=\"viacarpatia\" \/>\n\t<meta name=\"twitter:label2\" content=\"Becs\u00fclt olvas\u00e1si id\u0151\" \/>\n\t<meta name=\"twitter:data2\" content=\"4 perc\" \/>\n<script type=\"application\/ld+json\" class=\"yoast-schema-graph\">{\"@context\":\"https:\\\/\\\/schema.org\",\"@graph\":[{\"@type\":\"Article\",\"@id\":\"https:\\\/\\\/spf-viacarpatia.eu\\\/hu\\\/8921\\\/#article\",\"isPartOf\":{\"@id\":\"https:\\\/\\\/spf-viacarpatia.eu\\\/hu\\\/8921\\\/\"},\"author\":{\"name\":\"viacarpatia\",\"@id\":\"https:\\\/\\\/spf-viacarpatia.eu\\\/#\\\/schema\\\/person\\\/277ebb22abd307244031b67cd127739f\"},\"headline\":\"J\u00falius tele esem\u00e9nyekkel\",\"datePublished\":\"2024-08-02T12:19:34+00:00\",\"dateModified\":\"2024-08-02T12:54:31+00:00\",\"mainEntityOfPage\":{\"@id\":\"https:\\\/\\\/spf-viacarpatia.eu\\\/hu\\\/8921\\\/\"},\"wordCount\":887,\"image\":{\"@id\":\"https:\\\/\\\/spf-viacarpatia.eu\\\/hu\\\/8921\\\/#primaryimage\"},\"thumbnailUrl\":\"https:\\\/\\\/spf-viacarpatia.eu\\\/wp-content\\\/uploads\\\/2024\\\/08\\\/2-4.png\",\"articleSection\":[\"Uncategorized @hu\"],\"inLanguage\":\"hu\"},{\"@type\":\"WebPage\",\"@id\":\"https:\\\/\\\/spf-viacarpatia.eu\\\/hu\\\/8921\\\/\",\"url\":\"https:\\\/\\\/spf-viacarpatia.eu\\\/hu\\\/8921\\\/\",\"name\":\"J\u00falius tele esem\u00e9nyekkel - spf-viacarpatia.eu | Fond mal\u00fdch projektov\",\"isPartOf\":{\"@id\":\"https:\\\/\\\/spf-viacarpatia.eu\\\/#website\"},\"primaryImageOfPage\":{\"@id\":\"https:\\\/\\\/spf-viacarpatia.eu\\\/hu\\\/8921\\\/#primaryimage\"},\"image\":{\"@id\":\"https:\\\/\\\/spf-viacarpatia.eu\\\/hu\\\/8921\\\/#primaryimage\"},\"thumbnailUrl\":\"https:\\\/\\\/spf-viacarpatia.eu\\\/wp-content\\\/uploads\\\/2024\\\/08\\\/2-4.png\",\"datePublished\":\"2024-08-02T12:19:34+00:00\",\"dateModified\":\"2024-08-02T12:54:31+00:00\",\"author\":{\"@id\":\"https:\\\/\\\/spf-viacarpatia.eu\\\/#\\\/schema\\\/person\\\/277ebb22abd307244031b67cd127739f\"},\"inLanguage\":\"hu\",\"potentialAction\":[{\"@type\":\"ReadAction\",\"target\":[\"https:\\\/\\\/spf-viacarpatia.eu\\\/hu\\\/8921\\\/\"]}]},{\"@type\":\"ImageObject\",\"inLanguage\":\"hu\",\"@id\":\"https:\\\/\\\/spf-viacarpatia.eu\\\/hu\\\/8921\\\/#primaryimage\",\"url\":\"https:\\\/\\\/spf-viacarpatia.eu\\\/wp-content\\\/uploads\\\/2024\\\/08\\\/2-4.png\",\"contentUrl\":\"https:\\\/\\\/spf-viacarpatia.eu\\\/wp-content\\\/uploads\\\/2024\\\/08\\\/2-4.png\",\"width\":1080,\"height\":1080},{\"@type\":\"WebSite\",\"@id\":\"https:\\\/\\\/spf-viacarpatia.eu\\\/#website\",\"url\":\"https:\\\/\\\/spf-viacarpatia.eu\\\/\",\"name\":\"ViaCarpatia\",\"description\":\"Fond mal\u00fdch projektov\",\"alternateName\":\"ViaCarpatia\",\"potentialAction\":[{\"@type\":\"SearchAction\",\"target\":{\"@type\":\"EntryPoint\",\"urlTemplate\":\"https:\\\/\\\/spf-viacarpatia.eu\\\/?s={search_term_string}\"},\"query-input\":{\"@type\":\"PropertyValueSpecification\",\"valueRequired\":true,\"valueName\":\"search_term_string\"}}],\"inLanguage\":\"hu\"},{\"@type\":\"Person\",\"@id\":\"https:\\\/\\\/spf-viacarpatia.eu\\\/#\\\/schema\\\/person\\\/277ebb22abd307244031b67cd127739f\",\"name\":\"viacarpatia\",\"image\":{\"@type\":\"ImageObject\",\"inLanguage\":\"hu\",\"@id\":\"https:\\\/\\\/secure.gravatar.com\\\/avatar\\\/bba74006701163acde19f8e575cb017e72fee5f1d026e5409c03c3812cd5ffd0?s=96&d=mm&r=g\",\"url\":\"https:\\\/\\\/secure.gravatar.com\\\/avatar\\\/bba74006701163acde19f8e575cb017e72fee5f1d026e5409c03c3812cd5ffd0?s=96&d=mm&r=g\",\"contentUrl\":\"https:\\\/\\\/secure.gravatar.com\\\/avatar\\\/bba74006701163acde19f8e575cb017e72fee5f1d026e5409c03c3812cd5ffd0?s=96&d=mm&r=g\",\"caption\":\"viacarpatia\"},\"url\":\"https:\\\/\\\/spf-viacarpatia.eu\\\/hu\\\/author\\\/viacarpatia\\\/\"}]}<\/script>\n<!-- \/ Yoast SEO plugin. -->","yoast_head_json":{"title":"J\u00falius tele esem\u00e9nyekkel - spf-viacarpatia.eu | Fond mal\u00fdch projektov","robots":{"index":"index","follow":"follow","max-snippet":"max-snippet:-1","max-image-preview":"max-image-preview:large","max-video-preview":"max-video-preview:-1"},"canonical":"https:\/\/spf-viacarpatia.eu\/hu\/8921\/","og_locale":"hu_HU","og_type":"article","og_title":"J\u00falius tele esem\u00e9nyekkel - spf-viacarpatia.eu | Fond mal\u00fdch projektov","og_description":"A\u00a0 Kisprojekt Alap \u00e1ltal t\u00e1mogatott esem\u00e9nyek\u00a0 j\u00faliusban\u00a0 is gazdag programmal v\u00e1rt\u00e1k a szlov\u00e1kiai \u00e9s magyarorsz\u00e1gi embereket.\u00a0\u00a0Id\u0151seket c\u00e9lz\u00f3 sportversenyek, nemzetk\u00f6zi ifj\u00fas\u00e1gi labdar\u00fag\u00f3 torna, kultur\u00e1lis fesztiv\u00e1lok, szakmai konferenci\u00e1k \u00e9s hagyom\u00e1nyokkal rendelkez\u0151 \u00fcnnepek ker\u00fcltek megszervez\u00e9sre.\u00a0\u00a0\u00a0Az eg\u00e9sz r\u00e9gi\u00f3 megelevenedett a hat\u00e1rokon \u00e1tny\u00fal\u00f3 egy\u00fcttm\u0171k\u00f6d\u00e9st er\u0151s\u00edt\u0151 \u00e9s a helyi k\u00f6z\u00f6ss\u00e9geket gazdag\u00edt\u00f3 v\u00e1ltozatos tev\u00e9kenys\u00e9gek \u00e1ltal. A j\u00faliusi esem\u00e9nyekr\u0151l k\u00e9sz\u00fclt fot\u00f3k ebben az [&hellip;]","og_url":"https:\/\/spf-viacarpatia.eu\/hu\/8921\/","og_site_name":"spf-viacarpatia.eu | Fond mal\u00fdch projektov","article_published_time":"2024-08-02T12:19:34+00:00","article_modified_time":"2024-08-02T12:54:31+00:00","og_image":[{"width":1080,"height":1080,"url":"https:\/\/spf-viacarpatia.eu\/wp-content\/uploads\/2024\/08\/2-4.png","type":"image\/png"}],"author":"viacarpatia","twitter_card":"summary_large_image","twitter_misc":{"Szerz\u0151:":"viacarpatia","Becs\u00fclt olvas\u00e1si id\u0151":"4 perc"},"schema":{"@context":"https:\/\/schema.org","@graph":[{"@type":"Article","@id":"https:\/\/spf-viacarpatia.eu\/hu\/8921\/#article","isPartOf":{"@id":"https:\/\/spf-viacarpatia.eu\/hu\/8921\/"},"author":{"name":"viacarpatia","@id":"https:\/\/spf-viacarpatia.eu\/#\/schema\/person\/277ebb22abd307244031b67cd127739f"},"headline":"J\u00falius tele esem\u00e9nyekkel","datePublished":"2024-08-02T12:19:34+00:00","dateModified":"2024-08-02T12:54:31+00:00","mainEntityOfPage":{"@id":"https:\/\/spf-viacarpatia.eu\/hu\/8921\/"},"wordCount":887,"image":{"@id":"https:\/\/spf-viacarpatia.eu\/hu\/8921\/#primaryimage"},"thumbnailUrl":"https:\/\/spf-viacarpatia.eu\/wp-content\/uploads\/2024\/08\/2-4.png","articleSection":["Uncategorized @hu"],"inLanguage":"hu"},{"@type":"WebPage","@id":"https:\/\/spf-viacarpatia.eu\/hu\/8921\/","url":"https:\/\/spf-viacarpatia.eu\/hu\/8921\/","name":"J\u00falius tele esem\u00e9nyekkel - spf-viacarpatia.eu | Fond mal\u00fdch projektov","isPartOf":{"@id":"https:\/\/spf-viacarpatia.eu\/#website"},"primaryImageOfPage":{"@id":"https:\/\/spf-viacarpatia.eu\/hu\/8921\/#primaryimage"},"image":{"@id":"https:\/\/spf-viacarpatia.eu\/hu\/8921\/#primaryimage"},"thumbnailUrl":"https:\/\/spf-viacarpatia.eu\/wp-content\/uploads\/2024\/08\/2-4.png","datePublished":"2024-08-02T12:19:34+00:00","dateModified":"2024-08-02T12:54:31+00:00","author":{"@id":"https:\/\/spf-viacarpatia.eu\/#\/schema\/person\/277ebb22abd307244031b67cd127739f"},"inLanguage":"hu","potentialAction":[{"@type":"ReadAction","target":["https:\/\/spf-viacarpatia.eu\/hu\/8921\/"]}]},{"@type":"ImageObject","inLanguage":"hu","@id":"https:\/\/spf-viacarpatia.eu\/hu\/8921\/#primaryimage","url":"https:\/\/spf-viacarpatia.eu\/wp-content\/uploads\/2024\/08\/2-4.png","contentUrl":"https:\/\/spf-viacarpatia.eu\/wp-content\/uploads\/2024\/08\/2-4.png","width":1080,"height":1080},{"@type":"WebSite","@id":"https:\/\/spf-viacarpatia.eu\/#website","url":"https:\/\/spf-viacarpatia.eu\/","name":"ViaCarpatia","description":"Fond mal\u00fdch projektov","alternateName":"ViaCarpatia","potentialAction":[{"@type":"SearchAction","target":{"@type":"EntryPoint","urlTemplate":"https:\/\/spf-viacarpatia.eu\/?s={search_term_string}"},"query-input":{"@type":"PropertyValueSpecification","valueRequired":true,"valueName":"search_term_string"}}],"inLanguage":"hu"},{"@type":"Person","@id":"https:\/\/spf-viacarpatia.eu\/#\/schema\/person\/277ebb22abd307244031b67cd127739f","name":"viacarpatia","image":{"@type":"ImageObject","inLanguage":"hu","@id":"https:\/\/secure.gravatar.com\/avatar\/bba74006701163acde19f8e575cb017e72fee5f1d026e5409c03c3812cd5ffd0?s=96&d=mm&r=g","url":"https:\/\/secure.gravatar.com\/avatar\/bba74006701163acde19f8e575cb017e72fee5f1d026e5409c03c3812cd5ffd0?s=96&d=mm&r=g","contentUrl":"https:\/\/secure.gravatar.com\/avatar\/bba74006701163acde19f8e575cb017e72fee5f1d026e5409c03c3812cd5ffd0?s=96&d=mm&r=g","caption":"viacarpatia"},"url":"https:\/\/spf-viacarpatia.eu\/hu\/author\/viacarpatia\/"}]}},"_links":{"self":[{"href":"https:\/\/spf-viacarpatia.eu\/hu\/wp-json\/wp\/v2\/posts\/8921","targetHints":{"allow":["GET"]}}],"collection":[{"href":"https:\/\/spf-viacarpatia.eu\/hu\/wp-json\/wp\/v2\/posts"}],"about":[{"href":"https:\/\/spf-viacarpatia.eu\/hu\/wp-json\/wp\/v2\/types\/post"}],"author":[{"embeddable":true,"href":"https:\/\/spf-viacarpatia.eu\/hu\/wp-json\/wp\/v2\/users\/2"}],"replies":[{"embeddable":true,"href":"https:\/\/spf-viacarpatia.eu\/hu\/wp-json\/wp\/v2\/comments?post=8921"}],"version-history":[{"count":3,"href":"https:\/\/spf-viacarpatia.eu\/hu\/wp-json\/wp\/v2\/posts\/8921\/revisions"}],"predecessor-version":[{"id":8924,"href":"https:\/\/spf-viacarpatia.eu\/hu\/wp-json\/wp\/v2\/posts\/8921\/revisions\/8924"}],"wp:featuredmedia":[{"embeddable":true,"href":"https:\/\/spf-viacarpatia.eu\/hu\/wp-json\/wp\/v2\/media\/8919"}],"wp:attachment":[{"href":"https:\/\/spf-viacarpatia.eu\/hu\/wp-json\/wp\/v2\/media?parent=8921"}],"wp:term":[{"taxonomy":"category","embeddable":true,"href":"https:\/\/spf-viacarpatia.eu\/hu\/wp-json\/wp\/v2\/categories?post=8921"},{"taxonomy":"post_tag","embeddable":true,"href":"https:\/\/spf-viacarpatia.eu\/hu\/wp-json\/wp\/v2\/tags?post=8921"}],"curies":[{"name":"wp","href":"https:\/\/api.w.org\/{rel}","templated":true}]}}