{"id":9200,"date":"2024-10-11T16:27:34","date_gmt":"2024-10-11T14:27:34","guid":{"rendered":"https:\/\/spf-viacarpatia.eu\/?p=9200"},"modified":"2024-10-11T16:31:59","modified_gmt":"2024-10-11T14:31:59","slug":"figyelem-de-minimis-nyilatkozat-valtozasara","status":"publish","type":"post","link":"https:\/\/spf-viacarpatia.eu\/hu\/figyelem-de-minimis-nyilatkozat-valtozasara\/","title":{"rendered":"FIGYELEM, De minimis nyilatkozat v\u00e1ltoz\u00e1s\u00e1ra!"},"content":{"rendered":"<h2>FIGYELEM!<br \/>\nFelh\u00edvjuk figyelm\u00e9t a t\u00e1mogat\u00e1si k\u00e9relem k\u00f6telez\u0151 mell\u00e9kletei k\u00f6z\u00f6tt tal\u00e1lhat\u00f3 <em>De minimis<\/em> nyilatkozat v\u00e1ltoz\u00e1s\u00e1ra. Az aktualiz\u00e1lt dokumentum megtal\u00e1lhat\u00f3 honlapunkon a P\u00e1ly\u00e1zati felh\u00edv\u00e1sok f\u00fcl alatt.<\/h2>\n<h3><a href=\"https:\/\/spf-viacarpatia.eu\/hu\/palyazati-felhivasok\/\">https:\/\/spf-viacarpatia.eu\/hu\/palyazati-felhivasok\/<\/a><\/h3>\n<p>Ne felejtse el a p\u00e1ly\u00e1zat\u00e1hoz felcsatolni !<\/p>\n","protected":false},"excerpt":{"rendered":"<p>FIGYELEM! Felh\u00edvjuk figyelm\u00e9t a t\u00e1mogat\u00e1si k\u00e9relem k\u00f6telez\u0151 mell\u00e9kletei k\u00f6z\u00f6tt tal\u00e1lhat\u00f3 De minimis nyilatkozat v\u00e1ltoz\u00e1s\u00e1ra. Az aktualiz\u00e1lt dokumentum megtal\u00e1lhat\u00f3 honlapunkon a P\u00e1ly\u00e1zati felh\u00edv\u00e1sok f\u00fcl alatt. https:\/\/spf-viacarpatia.eu\/hu\/palyazati-felhivasok\/ Ne felejtse el a p\u00e1ly\u00e1zat\u00e1hoz felcsatolni !<\/p>\n","protected":false},"author":2,"featured_media":9201,"comment_status":"closed","ping_status":"open","sticky":false,"template":"","format":"standard","meta":{"inline_featured_image":false,"footnotes":""},"categories":[3],"tags":[],"class_list":["post-9200","post","type-post","status-publish","format-standard","has-post-thumbnail","hentry","category-uncategorized-hu"],"acf":[],"yoast_head":"<!-- This site is optimized with the Yoast SEO plugin v27.5 - https:\/\/yoast.com\/product\/yoast-seo-wordpress\/ -->\n<title>FIGYELEM, De minimis nyilatkozat v\u00e1ltoz\u00e1s\u00e1ra! - spf-viacarpatia.eu | Fond mal\u00fdch projektov<\/title>\n<meta name=\"robots\" content=\"index, follow, max-snippet:-1, max-image-preview:large, max-video-preview:-1\" \/>\n<link rel=\"canonical\" href=\"https:\/\/spf-viacarpatia.eu\/hu\/figyelem-de-minimis-nyilatkozat-valtozasara\/\" \/>\n<meta property=\"og:locale\" content=\"hu_HU\" \/>\n<meta property=\"og:type\" content=\"article\" \/>\n<meta property=\"og:title\" content=\"FIGYELEM, De minimis nyilatkozat v\u00e1ltoz\u00e1s\u00e1ra! - spf-viacarpatia.eu | Fond mal\u00fdch projektov\" \/>\n<meta property=\"og:description\" content=\"FIGYELEM! Felh\u00edvjuk figyelm\u00e9t a t\u00e1mogat\u00e1si k\u00e9relem k\u00f6telez\u0151 mell\u00e9kletei k\u00f6z\u00f6tt tal\u00e1lhat\u00f3 De minimis nyilatkozat v\u00e1ltoz\u00e1s\u00e1ra. Az aktualiz\u00e1lt dokumentum megtal\u00e1lhat\u00f3 honlapunkon a P\u00e1ly\u00e1zati felh\u00edv\u00e1sok f\u00fcl alatt. https:\/\/spf-viacarpatia.eu\/hu\/palyazati-felhivasok\/ Ne felejtse el a p\u00e1ly\u00e1zat\u00e1hoz felcsatolni !\" \/>\n<meta property=\"og:url\" content=\"https:\/\/spf-viacarpatia.eu\/hu\/figyelem-de-minimis-nyilatkozat-valtozasara\/\" \/>\n<meta property=\"og:site_name\" content=\"spf-viacarpatia.eu | Fond mal\u00fdch projektov\" \/>\n<meta property=\"article:published_time\" content=\"2024-10-11T14:27:34+00:00\" \/>\n<meta property=\"article:modified_time\" content=\"2024-10-11T14:31:59+00:00\" \/>\n<meta property=\"og:image\" content=\"https:\/\/spf-viacarpatia.eu\/wp-content\/uploads\/2024\/10\/2-11.png\" \/>\n\t<meta property=\"og:image:width\" content=\"2000\" \/>\n\t<meta property=\"og:image:height\" content=\"1414\" \/>\n\t<meta property=\"og:image:type\" content=\"image\/png\" \/>\n<meta name=\"author\" content=\"viacarpatia\" \/>\n<meta name=\"twitter:card\" content=\"summary_large_image\" \/>\n<meta name=\"twitter:label1\" content=\"Szerz\u0151:\" \/>\n\t<meta name=\"twitter:data1\" content=\"viacarpatia\" \/>\n\t<meta name=\"twitter:label2\" content=\"Becs\u00fclt olvas\u00e1si id\u0151\" \/>\n\t<meta name=\"twitter:data2\" content=\"1 perc\" \/>\n<script type=\"application\/ld+json\" class=\"yoast-schema-graph\">{\"@context\":\"https:\\\/\\\/schema.org\",\"@graph\":[{\"@type\":\"Article\",\"@id\":\"https:\\\/\\\/spf-viacarpatia.eu\\\/hu\\\/figyelem-de-minimis-nyilatkozat-valtozasara\\\/#article\",\"isPartOf\":{\"@id\":\"https:\\\/\\\/spf-viacarpatia.eu\\\/hu\\\/figyelem-de-minimis-nyilatkozat-valtozasara\\\/\"},\"author\":{\"name\":\"viacarpatia\",\"@id\":\"https:\\\/\\\/spf-viacarpatia.eu\\\/#\\\/schema\\\/person\\\/277ebb22abd307244031b67cd127739f\"},\"headline\":\"FIGYELEM, De minimis nyilatkozat v\u00e1ltoz\u00e1s\u00e1ra!\",\"datePublished\":\"2024-10-11T14:27:34+00:00\",\"dateModified\":\"2024-10-11T14:31:59+00:00\",\"mainEntityOfPage\":{\"@id\":\"https:\\\/\\\/spf-viacarpatia.eu\\\/hu\\\/figyelem-de-minimis-nyilatkozat-valtozasara\\\/\"},\"wordCount\":66,\"image\":{\"@id\":\"https:\\\/\\\/spf-viacarpatia.eu\\\/hu\\\/figyelem-de-minimis-nyilatkozat-valtozasara\\\/#primaryimage\"},\"thumbnailUrl\":\"https:\\\/\\\/spf-viacarpatia.eu\\\/wp-content\\\/uploads\\\/2024\\\/10\\\/2-11.png\",\"articleSection\":[\"Uncategorized @hu\"],\"inLanguage\":\"hu\"},{\"@type\":\"WebPage\",\"@id\":\"https:\\\/\\\/spf-viacarpatia.eu\\\/hu\\\/figyelem-de-minimis-nyilatkozat-valtozasara\\\/\",\"url\":\"https:\\\/\\\/spf-viacarpatia.eu\\\/hu\\\/figyelem-de-minimis-nyilatkozat-valtozasara\\\/\",\"name\":\"FIGYELEM, De minimis nyilatkozat v\u00e1ltoz\u00e1s\u00e1ra! - spf-viacarpatia.eu | Fond mal\u00fdch projektov\",\"isPartOf\":{\"@id\":\"https:\\\/\\\/spf-viacarpatia.eu\\\/#website\"},\"primaryImageOfPage\":{\"@id\":\"https:\\\/\\\/spf-viacarpatia.eu\\\/hu\\\/figyelem-de-minimis-nyilatkozat-valtozasara\\\/#primaryimage\"},\"image\":{\"@id\":\"https:\\\/\\\/spf-viacarpatia.eu\\\/hu\\\/figyelem-de-minimis-nyilatkozat-valtozasara\\\/#primaryimage\"},\"thumbnailUrl\":\"https:\\\/\\\/spf-viacarpatia.eu\\\/wp-content\\\/uploads\\\/2024\\\/10\\\/2-11.png\",\"datePublished\":\"2024-10-11T14:27:34+00:00\",\"dateModified\":\"2024-10-11T14:31:59+00:00\",\"author\":{\"@id\":\"https:\\\/\\\/spf-viacarpatia.eu\\\/#\\\/schema\\\/person\\\/277ebb22abd307244031b67cd127739f\"},\"inLanguage\":\"hu\",\"potentialAction\":[{\"@type\":\"ReadAction\",\"target\":[\"https:\\\/\\\/spf-viacarpatia.eu\\\/hu\\\/figyelem-de-minimis-nyilatkozat-valtozasara\\\/\"]}]},{\"@type\":\"ImageObject\",\"inLanguage\":\"hu\",\"@id\":\"https:\\\/\\\/spf-viacarpatia.eu\\\/hu\\\/figyelem-de-minimis-nyilatkozat-valtozasara\\\/#primaryimage\",\"url\":\"https:\\\/\\\/spf-viacarpatia.eu\\\/wp-content\\\/uploads\\\/2024\\\/10\\\/2-11.png\",\"contentUrl\":\"https:\\\/\\\/spf-viacarpatia.eu\\\/wp-content\\\/uploads\\\/2024\\\/10\\\/2-11.png\",\"width\":2000,\"height\":1414},{\"@type\":\"WebSite\",\"@id\":\"https:\\\/\\\/spf-viacarpatia.eu\\\/#website\",\"url\":\"https:\\\/\\\/spf-viacarpatia.eu\\\/\",\"name\":\"ViaCarpatia\",\"description\":\"Fond mal\u00fdch projektov\",\"alternateName\":\"ViaCarpatia\",\"potentialAction\":[{\"@type\":\"SearchAction\",\"target\":{\"@type\":\"EntryPoint\",\"urlTemplate\":\"https:\\\/\\\/spf-viacarpatia.eu\\\/?s={search_term_string}\"},\"query-input\":{\"@type\":\"PropertyValueSpecification\",\"valueRequired\":true,\"valueName\":\"search_term_string\"}}],\"inLanguage\":\"hu\"},{\"@type\":\"Person\",\"@id\":\"https:\\\/\\\/spf-viacarpatia.eu\\\/#\\\/schema\\\/person\\\/277ebb22abd307244031b67cd127739f\",\"name\":\"viacarpatia\",\"image\":{\"@type\":\"ImageObject\",\"inLanguage\":\"hu\",\"@id\":\"https:\\\/\\\/secure.gravatar.com\\\/avatar\\\/bba74006701163acde19f8e575cb017e72fee5f1d026e5409c03c3812cd5ffd0?s=96&d=mm&r=g\",\"url\":\"https:\\\/\\\/secure.gravatar.com\\\/avatar\\\/bba74006701163acde19f8e575cb017e72fee5f1d026e5409c03c3812cd5ffd0?s=96&d=mm&r=g\",\"contentUrl\":\"https:\\\/\\\/secure.gravatar.com\\\/avatar\\\/bba74006701163acde19f8e575cb017e72fee5f1d026e5409c03c3812cd5ffd0?s=96&d=mm&r=g\",\"caption\":\"viacarpatia\"},\"url\":\"https:\\\/\\\/spf-viacarpatia.eu\\\/hu\\\/author\\\/viacarpatia\\\/\"}]}<\/script>\n<!-- \/ Yoast SEO plugin. -->","yoast_head_json":{"title":"FIGYELEM, De minimis nyilatkozat v\u00e1ltoz\u00e1s\u00e1ra! - spf-viacarpatia.eu | Fond mal\u00fdch projektov","robots":{"index":"index","follow":"follow","max-snippet":"max-snippet:-1","max-image-preview":"max-image-preview:large","max-video-preview":"max-video-preview:-1"},"canonical":"https:\/\/spf-viacarpatia.eu\/hu\/figyelem-de-minimis-nyilatkozat-valtozasara\/","og_locale":"hu_HU","og_type":"article","og_title":"FIGYELEM, De minimis nyilatkozat v\u00e1ltoz\u00e1s\u00e1ra! - spf-viacarpatia.eu | Fond mal\u00fdch projektov","og_description":"FIGYELEM! Felh\u00edvjuk figyelm\u00e9t a t\u00e1mogat\u00e1si k\u00e9relem k\u00f6telez\u0151 mell\u00e9kletei k\u00f6z\u00f6tt tal\u00e1lhat\u00f3 De minimis nyilatkozat v\u00e1ltoz\u00e1s\u00e1ra. Az aktualiz\u00e1lt dokumentum megtal\u00e1lhat\u00f3 honlapunkon a P\u00e1ly\u00e1zati felh\u00edv\u00e1sok f\u00fcl alatt. https:\/\/spf-viacarpatia.eu\/hu\/palyazati-felhivasok\/ Ne felejtse el a p\u00e1ly\u00e1zat\u00e1hoz felcsatolni !","og_url":"https:\/\/spf-viacarpatia.eu\/hu\/figyelem-de-minimis-nyilatkozat-valtozasara\/","og_site_name":"spf-viacarpatia.eu | Fond mal\u00fdch projektov","article_published_time":"2024-10-11T14:27:34+00:00","article_modified_time":"2024-10-11T14:31:59+00:00","og_image":[{"width":2000,"height":1414,"url":"https:\/\/spf-viacarpatia.eu\/wp-content\/uploads\/2024\/10\/2-11.png","type":"image\/png"}],"author":"viacarpatia","twitter_card":"summary_large_image","twitter_misc":{"Szerz\u0151:":"viacarpatia","Becs\u00fclt olvas\u00e1si id\u0151":"1 perc"},"schema":{"@context":"https:\/\/schema.org","@graph":[{"@type":"Article","@id":"https:\/\/spf-viacarpatia.eu\/hu\/figyelem-de-minimis-nyilatkozat-valtozasara\/#article","isPartOf":{"@id":"https:\/\/spf-viacarpatia.eu\/hu\/figyelem-de-minimis-nyilatkozat-valtozasara\/"},"author":{"name":"viacarpatia","@id":"https:\/\/spf-viacarpatia.eu\/#\/schema\/person\/277ebb22abd307244031b67cd127739f"},"headline":"FIGYELEM, De minimis nyilatkozat v\u00e1ltoz\u00e1s\u00e1ra!","datePublished":"2024-10-11T14:27:34+00:00","dateModified":"2024-10-11T14:31:59+00:00","mainEntityOfPage":{"@id":"https:\/\/spf-viacarpatia.eu\/hu\/figyelem-de-minimis-nyilatkozat-valtozasara\/"},"wordCount":66,"image":{"@id":"https:\/\/spf-viacarpatia.eu\/hu\/figyelem-de-minimis-nyilatkozat-valtozasara\/#primaryimage"},"thumbnailUrl":"https:\/\/spf-viacarpatia.eu\/wp-content\/uploads\/2024\/10\/2-11.png","articleSection":["Uncategorized @hu"],"inLanguage":"hu"},{"@type":"WebPage","@id":"https:\/\/spf-viacarpatia.eu\/hu\/figyelem-de-minimis-nyilatkozat-valtozasara\/","url":"https:\/\/spf-viacarpatia.eu\/hu\/figyelem-de-minimis-nyilatkozat-valtozasara\/","name":"FIGYELEM, De minimis nyilatkozat v\u00e1ltoz\u00e1s\u00e1ra! - spf-viacarpatia.eu | Fond mal\u00fdch projektov","isPartOf":{"@id":"https:\/\/spf-viacarpatia.eu\/#website"},"primaryImageOfPage":{"@id":"https:\/\/spf-viacarpatia.eu\/hu\/figyelem-de-minimis-nyilatkozat-valtozasara\/#primaryimage"},"image":{"@id":"https:\/\/spf-viacarpatia.eu\/hu\/figyelem-de-minimis-nyilatkozat-valtozasara\/#primaryimage"},"thumbnailUrl":"https:\/\/spf-viacarpatia.eu\/wp-content\/uploads\/2024\/10\/2-11.png","datePublished":"2024-10-11T14:27:34+00:00","dateModified":"2024-10-11T14:31:59+00:00","author":{"@id":"https:\/\/spf-viacarpatia.eu\/#\/schema\/person\/277ebb22abd307244031b67cd127739f"},"inLanguage":"hu","potentialAction":[{"@type":"ReadAction","target":["https:\/\/spf-viacarpatia.eu\/hu\/figyelem-de-minimis-nyilatkozat-valtozasara\/"]}]},{"@type":"ImageObject","inLanguage":"hu","@id":"https:\/\/spf-viacarpatia.eu\/hu\/figyelem-de-minimis-nyilatkozat-valtozasara\/#primaryimage","url":"https:\/\/spf-viacarpatia.eu\/wp-content\/uploads\/2024\/10\/2-11.png","contentUrl":"https:\/\/spf-viacarpatia.eu\/wp-content\/uploads\/2024\/10\/2-11.png","width":2000,"height":1414},{"@type":"WebSite","@id":"https:\/\/spf-viacarpatia.eu\/#website","url":"https:\/\/spf-viacarpatia.eu\/","name":"ViaCarpatia","description":"Fond mal\u00fdch projektov","alternateName":"ViaCarpatia","potentialAction":[{"@type":"SearchAction","target":{"@type":"EntryPoint","urlTemplate":"https:\/\/spf-viacarpatia.eu\/?s={search_term_string}"},"query-input":{"@type":"PropertyValueSpecification","valueRequired":true,"valueName":"search_term_string"}}],"inLanguage":"hu"},{"@type":"Person","@id":"https:\/\/spf-viacarpatia.eu\/#\/schema\/person\/277ebb22abd307244031b67cd127739f","name":"viacarpatia","image":{"@type":"ImageObject","inLanguage":"hu","@id":"https:\/\/secure.gravatar.com\/avatar\/bba74006701163acde19f8e575cb017e72fee5f1d026e5409c03c3812cd5ffd0?s=96&d=mm&r=g","url":"https:\/\/secure.gravatar.com\/avatar\/bba74006701163acde19f8e575cb017e72fee5f1d026e5409c03c3812cd5ffd0?s=96&d=mm&r=g","contentUrl":"https:\/\/secure.gravatar.com\/avatar\/bba74006701163acde19f8e575cb017e72fee5f1d026e5409c03c3812cd5ffd0?s=96&d=mm&r=g","caption":"viacarpatia"},"url":"https:\/\/spf-viacarpatia.eu\/hu\/author\/viacarpatia\/"}]}},"_links":{"self":[{"href":"https:\/\/spf-viacarpatia.eu\/hu\/wp-json\/wp\/v2\/posts\/9200","targetHints":{"allow":["GET"]}}],"collection":[{"href":"https:\/\/spf-viacarpatia.eu\/hu\/wp-json\/wp\/v2\/posts"}],"about":[{"href":"https:\/\/spf-viacarpatia.eu\/hu\/wp-json\/wp\/v2\/types\/post"}],"author":[{"embeddable":true,"href":"https:\/\/spf-viacarpatia.eu\/hu\/wp-json\/wp\/v2\/users\/2"}],"replies":[{"embeddable":true,"href":"https:\/\/spf-viacarpatia.eu\/hu\/wp-json\/wp\/v2\/comments?post=9200"}],"version-history":[{"count":2,"href":"https:\/\/spf-viacarpatia.eu\/hu\/wp-json\/wp\/v2\/posts\/9200\/revisions"}],"predecessor-version":[{"id":9204,"href":"https:\/\/spf-viacarpatia.eu\/hu\/wp-json\/wp\/v2\/posts\/9200\/revisions\/9204"}],"wp:featuredmedia":[{"embeddable":true,"href":"https:\/\/spf-viacarpatia.eu\/hu\/wp-json\/wp\/v2\/media\/9201"}],"wp:attachment":[{"href":"https:\/\/spf-viacarpatia.eu\/hu\/wp-json\/wp\/v2\/media?parent=9200"}],"wp:term":[{"taxonomy":"category","embeddable":true,"href":"https:\/\/spf-viacarpatia.eu\/hu\/wp-json\/wp\/v2\/categories?post=9200"},{"taxonomy":"post_tag","embeddable":true,"href":"https:\/\/spf-viacarpatia.eu\/hu\/wp-json\/wp\/v2\/tags?post=9200"}],"curies":[{"name":"wp","href":"https:\/\/api.w.org\/{rel}","templated":true}]}}