{"id":9302,"date":"2025-02-05T13:48:43","date_gmt":"2025-02-05T12:48:43","guid":{"rendered":"https:\/\/spf-viacarpatia.eu\/?p=9302"},"modified":"2025-02-05T13:49:18","modified_gmt":"2025-02-05T12:49:18","slug":"a-kisprojekt-alap-monitoring-bizottsaganak-3-ulese-a-jovahagyott-reszeredmenyek-listajaval-zarult","status":"publish","type":"post","link":"https:\/\/spf-viacarpatia.eu\/hu\/a-kisprojekt-alap-monitoring-bizottsaganak-3-ulese-a-jovahagyott-reszeredmenyek-listajaval-zarult\/","title":{"rendered":"A Kisprojekt Alap Monitoring Bizotts\u00e1g\u00e1nak 3. \u00fcl\u00e9se a j\u00f3v\u00e1hagyott r\u00e9szeredm\u00e9nyek list\u00e1j\u00e1val z\u00e1rult."},"content":{"rendered":"<div dir=\"ltr\">2025. febru\u00e1r 4-\u00e9n Kass\u00e1n ker\u00fclt megrendez\u00e9sre a Kisprojekt Alap Monitoring Bizotts\u00e1g\u00e1nak 3. \u00fcl\u00e9se, amely a Magyarorsz\u00e1g\u2013Szlov\u00e1kia Interreg VI-A Program t\u00e1mogat\u00e1s\u00e1val val\u00f3sult meg. Az \u00fcl\u00e9sen r\u00e9szt vettek a Monitoring Bizotts\u00e1g tagjai a Magyar K\u00fclgazdas\u00e1gi \u00e9s K\u00fcl\u00fcgyminiszt\u00e9riumb\u00f3l, valamint a Szlov\u00e1k K\u00f6zt\u00e1rsas\u00e1g Beruh\u00e1z\u00e1si, Region\u00e1lis Fejleszt\u00e9si \u00e9s Informatikai Miniszt\u00e9rium\u00e1b\u00f3l. Jelen voltak tov\u00e1bb\u00e1 a K\u00f6z\u00f6s Titk\u00e1rs\u00e1g tagjai, a Beszterceb\u00e1nyai \u00e9s a Kassai Megyei \u00d6nkorm\u00e1nyzatok k\u00e9pvisel\u0151i, valamint N\u00f3gr\u00e1d, Heves \u00e9s Borsod-Aba\u00faj-Zempl\u00e9n v\u00e1rmegy\u00e9k k\u00e9pvisel\u0151i.<\/div>\n<div dir=\"ltr\">A napirend legfontosabb pontja a Kisprojekt Alap m\u00e1sodik felh\u00edv\u00e1s\u00e1ban beny\u00fajtott p\u00e1ly\u00e1zatok list\u00e1j\u00e1nak j\u00f3v\u00e1hagy\u00e1sa volt. A felh\u00edv\u00e1sra 147 p\u00e1ly\u00e1z\u00f3 jelentkezett, akik p\u00e1ly\u00e1zatait adminisztrat\u00edv \u00e9s min\u0151s\u00e9gi ellen\u0151rz\u00e9s keret\u00e9ben b\u00edr\u00e1lt\u00e1k el.A 2025. febru\u00e1r 4-\u00e9n megtartott \u00fcl\u00e9sen a Magyarorsz\u00e1g\u2013Szlov\u00e1kia Interreg VI-A Program keret\u00e9ben megval\u00f3sul\u00f3 Kisprojekt Alap Monitoring Bizotts\u00e1ga j\u00f3v\u00e1hagyta a HUSK-SPF-2401-3.2 felh\u00edv\u00e1sban beny\u00fajtott projektk\u00e9relmek r\u00e9szeredm\u00e9ny-list\u00e1j\u00e1t.<\/p>\n<p><a href=\"https:\/\/spf-viacarpatia.eu\/wp-content\/uploads\/2025\/02\/Ciastkovy-zoznam_schvalenych-projektov_v-ramci-2.-FMP.pdf\">A Kisprojekt Alap m\u00e1sodik felh\u00edv\u00e1s\u00e1ban t\u00e1mogatott projektek list\u00e1ja.<\/a><\/p>\n<\/div>\n<div dir=\"ltr\"><\/div>\n<div dir=\"ltr\">K\u00f6vesse oldalunkat, hamarosan \u00fajabb eredm\u00e9nyekkel jelentkez\u00fcnk!<\/div>\n","protected":false},"excerpt":{"rendered":"<p>2025. febru\u00e1r 4-\u00e9n Kass\u00e1n ker\u00fclt megrendez\u00e9sre a Kisprojekt Alap Monitoring Bizotts\u00e1g\u00e1nak 3. \u00fcl\u00e9se, amely a Magyarorsz\u00e1g\u2013Szlov\u00e1kia Interreg VI-A Program t\u00e1mogat\u00e1s\u00e1val val\u00f3sult meg. Az \u00fcl\u00e9sen r\u00e9szt vettek a Monitoring Bizotts\u00e1g tagjai a Magyar K\u00fclgazdas\u00e1gi \u00e9s K\u00fcl\u00fcgyminiszt\u00e9riumb\u00f3l, valamint a Szlov\u00e1k K\u00f6zt\u00e1rsas\u00e1g Beruh\u00e1z\u00e1si, Region\u00e1lis Fejleszt\u00e9si \u00e9s Informatikai Miniszt\u00e9rium\u00e1b\u00f3l. Jelen voltak tov\u00e1bb\u00e1 a K\u00f6z\u00f6s Titk\u00e1rs\u00e1g tagjai, a Beszterceb\u00e1nyai \u00e9s [&hellip;]<\/p>\n","protected":false},"author":2,"featured_media":9297,"comment_status":"closed","ping_status":"open","sticky":false,"template":"","format":"standard","meta":{"inline_featured_image":false,"footnotes":""},"categories":[3],"tags":[],"class_list":["post-9302","post","type-post","status-publish","format-standard","has-post-thumbnail","hentry","category-uncategorized-hu"],"acf":[],"yoast_head":"<!-- This site is optimized with the Yoast SEO plugin v27.5 - https:\/\/yoast.com\/product\/yoast-seo-wordpress\/ -->\n<title>A Kisprojekt Alap Monitoring Bizotts\u00e1g\u00e1nak 3. \u00fcl\u00e9se a j\u00f3v\u00e1hagyott r\u00e9szeredm\u00e9nyek list\u00e1j\u00e1val z\u00e1rult. - spf-viacarpatia.eu | Fond mal\u00fdch projektov<\/title>\n<meta name=\"robots\" content=\"index, follow, max-snippet:-1, max-image-preview:large, max-video-preview:-1\" \/>\n<link rel=\"canonical\" href=\"https:\/\/spf-viacarpatia.eu\/hu\/a-kisprojekt-alap-monitoring-bizottsaganak-3-ulese-a-jovahagyott-reszeredmenyek-listajaval-zarult\/\" \/>\n<meta property=\"og:locale\" content=\"hu_HU\" \/>\n<meta property=\"og:type\" content=\"article\" \/>\n<meta property=\"og:title\" content=\"A Kisprojekt Alap Monitoring Bizotts\u00e1g\u00e1nak 3. \u00fcl\u00e9se a j\u00f3v\u00e1hagyott r\u00e9szeredm\u00e9nyek list\u00e1j\u00e1val z\u00e1rult. - spf-viacarpatia.eu | Fond mal\u00fdch projektov\" \/>\n<meta property=\"og:description\" content=\"2025. febru\u00e1r 4-\u00e9n Kass\u00e1n ker\u00fclt megrendez\u00e9sre a Kisprojekt Alap Monitoring Bizotts\u00e1g\u00e1nak 3. \u00fcl\u00e9se, amely a Magyarorsz\u00e1g\u2013Szlov\u00e1kia Interreg VI-A Program t\u00e1mogat\u00e1s\u00e1val val\u00f3sult meg. Az \u00fcl\u00e9sen r\u00e9szt vettek a Monitoring Bizotts\u00e1g tagjai a Magyar K\u00fclgazdas\u00e1gi \u00e9s K\u00fcl\u00fcgyminiszt\u00e9riumb\u00f3l, valamint a Szlov\u00e1k K\u00f6zt\u00e1rsas\u00e1g Beruh\u00e1z\u00e1si, Region\u00e1lis Fejleszt\u00e9si \u00e9s Informatikai Miniszt\u00e9rium\u00e1b\u00f3l. Jelen voltak tov\u00e1bb\u00e1 a K\u00f6z\u00f6s Titk\u00e1rs\u00e1g tagjai, a Beszterceb\u00e1nyai \u00e9s [&hellip;]\" \/>\n<meta property=\"og:url\" content=\"https:\/\/spf-viacarpatia.eu\/hu\/a-kisprojekt-alap-monitoring-bizottsaganak-3-ulese-a-jovahagyott-reszeredmenyek-listajaval-zarult\/\" \/>\n<meta property=\"og:site_name\" content=\"spf-viacarpatia.eu | Fond mal\u00fdch projektov\" \/>\n<meta property=\"article:published_time\" content=\"2025-02-05T12:48:43+00:00\" \/>\n<meta property=\"article:modified_time\" content=\"2025-02-05T12:49:18+00:00\" \/>\n<meta property=\"og:image\" content=\"https:\/\/spf-viacarpatia.eu\/wp-content\/uploads\/2025\/02\/IMG_3779-scaled.jpg\" \/>\n\t<meta property=\"og:image:width\" content=\"1920\" \/>\n\t<meta property=\"og:image:height\" content=\"2560\" \/>\n\t<meta property=\"og:image:type\" content=\"image\/jpeg\" \/>\n<meta name=\"author\" content=\"viacarpatia\" \/>\n<meta name=\"twitter:card\" content=\"summary_large_image\" \/>\n<meta name=\"twitter:label1\" content=\"Szerz\u0151:\" \/>\n\t<meta name=\"twitter:data1\" content=\"viacarpatia\" \/>\n\t<meta name=\"twitter:label2\" content=\"Becs\u00fclt olvas\u00e1si id\u0151\" \/>\n\t<meta name=\"twitter:data2\" content=\"1 perc\" \/>\n<script type=\"application\/ld+json\" class=\"yoast-schema-graph\">{\"@context\":\"https:\\\/\\\/schema.org\",\"@graph\":[{\"@type\":\"Article\",\"@id\":\"https:\\\/\\\/spf-viacarpatia.eu\\\/hu\\\/a-kisprojekt-alap-monitoring-bizottsaganak-3-ulese-a-jovahagyott-reszeredmenyek-listajaval-zarult\\\/#article\",\"isPartOf\":{\"@id\":\"https:\\\/\\\/spf-viacarpatia.eu\\\/hu\\\/a-kisprojekt-alap-monitoring-bizottsaganak-3-ulese-a-jovahagyott-reszeredmenyek-listajaval-zarult\\\/\"},\"author\":{\"name\":\"viacarpatia\",\"@id\":\"https:\\\/\\\/spf-viacarpatia.eu\\\/#\\\/schema\\\/person\\\/277ebb22abd307244031b67cd127739f\"},\"headline\":\"A Kisprojekt Alap Monitoring Bizotts\u00e1g\u00e1nak 3. \u00fcl\u00e9se a j\u00f3v\u00e1hagyott r\u00e9szeredm\u00e9nyek list\u00e1j\u00e1val z\u00e1rult.\",\"datePublished\":\"2025-02-05T12:48:43+00:00\",\"dateModified\":\"2025-02-05T12:49:18+00:00\",\"mainEntityOfPage\":{\"@id\":\"https:\\\/\\\/spf-viacarpatia.eu\\\/hu\\\/a-kisprojekt-alap-monitoring-bizottsaganak-3-ulese-a-jovahagyott-reszeredmenyek-listajaval-zarult\\\/\"},\"wordCount\":258,\"image\":{\"@id\":\"https:\\\/\\\/spf-viacarpatia.eu\\\/hu\\\/a-kisprojekt-alap-monitoring-bizottsaganak-3-ulese-a-jovahagyott-reszeredmenyek-listajaval-zarult\\\/#primaryimage\"},\"thumbnailUrl\":\"https:\\\/\\\/spf-viacarpatia.eu\\\/wp-content\\\/uploads\\\/2025\\\/02\\\/IMG_3779-scaled.jpg\",\"articleSection\":[\"Uncategorized @hu\"],\"inLanguage\":\"hu\"},{\"@type\":\"WebPage\",\"@id\":\"https:\\\/\\\/spf-viacarpatia.eu\\\/hu\\\/a-kisprojekt-alap-monitoring-bizottsaganak-3-ulese-a-jovahagyott-reszeredmenyek-listajaval-zarult\\\/\",\"url\":\"https:\\\/\\\/spf-viacarpatia.eu\\\/hu\\\/a-kisprojekt-alap-monitoring-bizottsaganak-3-ulese-a-jovahagyott-reszeredmenyek-listajaval-zarult\\\/\",\"name\":\"A Kisprojekt Alap Monitoring Bizotts\u00e1g\u00e1nak 3. \u00fcl\u00e9se a j\u00f3v\u00e1hagyott r\u00e9szeredm\u00e9nyek list\u00e1j\u00e1val z\u00e1rult. - spf-viacarpatia.eu | Fond mal\u00fdch projektov\",\"isPartOf\":{\"@id\":\"https:\\\/\\\/spf-viacarpatia.eu\\\/#website\"},\"primaryImageOfPage\":{\"@id\":\"https:\\\/\\\/spf-viacarpatia.eu\\\/hu\\\/a-kisprojekt-alap-monitoring-bizottsaganak-3-ulese-a-jovahagyott-reszeredmenyek-listajaval-zarult\\\/#primaryimage\"},\"image\":{\"@id\":\"https:\\\/\\\/spf-viacarpatia.eu\\\/hu\\\/a-kisprojekt-alap-monitoring-bizottsaganak-3-ulese-a-jovahagyott-reszeredmenyek-listajaval-zarult\\\/#primaryimage\"},\"thumbnailUrl\":\"https:\\\/\\\/spf-viacarpatia.eu\\\/wp-content\\\/uploads\\\/2025\\\/02\\\/IMG_3779-scaled.jpg\",\"datePublished\":\"2025-02-05T12:48:43+00:00\",\"dateModified\":\"2025-02-05T12:49:18+00:00\",\"author\":{\"@id\":\"https:\\\/\\\/spf-viacarpatia.eu\\\/#\\\/schema\\\/person\\\/277ebb22abd307244031b67cd127739f\"},\"inLanguage\":\"hu\",\"potentialAction\":[{\"@type\":\"ReadAction\",\"target\":[\"https:\\\/\\\/spf-viacarpatia.eu\\\/hu\\\/a-kisprojekt-alap-monitoring-bizottsaganak-3-ulese-a-jovahagyott-reszeredmenyek-listajaval-zarult\\\/\"]}]},{\"@type\":\"ImageObject\",\"inLanguage\":\"hu\",\"@id\":\"https:\\\/\\\/spf-viacarpatia.eu\\\/hu\\\/a-kisprojekt-alap-monitoring-bizottsaganak-3-ulese-a-jovahagyott-reszeredmenyek-listajaval-zarult\\\/#primaryimage\",\"url\":\"https:\\\/\\\/spf-viacarpatia.eu\\\/wp-content\\\/uploads\\\/2025\\\/02\\\/IMG_3779-scaled.jpg\",\"contentUrl\":\"https:\\\/\\\/spf-viacarpatia.eu\\\/wp-content\\\/uploads\\\/2025\\\/02\\\/IMG_3779-scaled.jpg\",\"width\":1920,\"height\":2560},{\"@type\":\"WebSite\",\"@id\":\"https:\\\/\\\/spf-viacarpatia.eu\\\/#website\",\"url\":\"https:\\\/\\\/spf-viacarpatia.eu\\\/\",\"name\":\"ViaCarpatia\",\"description\":\"Fond mal\u00fdch projektov\",\"alternateName\":\"ViaCarpatia\",\"potentialAction\":[{\"@type\":\"SearchAction\",\"target\":{\"@type\":\"EntryPoint\",\"urlTemplate\":\"https:\\\/\\\/spf-viacarpatia.eu\\\/?s={search_term_string}\"},\"query-input\":{\"@type\":\"PropertyValueSpecification\",\"valueRequired\":true,\"valueName\":\"search_term_string\"}}],\"inLanguage\":\"hu\"},{\"@type\":\"Person\",\"@id\":\"https:\\\/\\\/spf-viacarpatia.eu\\\/#\\\/schema\\\/person\\\/277ebb22abd307244031b67cd127739f\",\"name\":\"viacarpatia\",\"image\":{\"@type\":\"ImageObject\",\"inLanguage\":\"hu\",\"@id\":\"https:\\\/\\\/secure.gravatar.com\\\/avatar\\\/bba74006701163acde19f8e575cb017e72fee5f1d026e5409c03c3812cd5ffd0?s=96&d=mm&r=g\",\"url\":\"https:\\\/\\\/secure.gravatar.com\\\/avatar\\\/bba74006701163acde19f8e575cb017e72fee5f1d026e5409c03c3812cd5ffd0?s=96&d=mm&r=g\",\"contentUrl\":\"https:\\\/\\\/secure.gravatar.com\\\/avatar\\\/bba74006701163acde19f8e575cb017e72fee5f1d026e5409c03c3812cd5ffd0?s=96&d=mm&r=g\",\"caption\":\"viacarpatia\"},\"url\":\"https:\\\/\\\/spf-viacarpatia.eu\\\/hu\\\/author\\\/viacarpatia\\\/\"}]}<\/script>\n<!-- \/ Yoast SEO plugin. -->","yoast_head_json":{"title":"A Kisprojekt Alap Monitoring Bizotts\u00e1g\u00e1nak 3. \u00fcl\u00e9se a j\u00f3v\u00e1hagyott r\u00e9szeredm\u00e9nyek list\u00e1j\u00e1val z\u00e1rult. - spf-viacarpatia.eu | Fond mal\u00fdch projektov","robots":{"index":"index","follow":"follow","max-snippet":"max-snippet:-1","max-image-preview":"max-image-preview:large","max-video-preview":"max-video-preview:-1"},"canonical":"https:\/\/spf-viacarpatia.eu\/hu\/a-kisprojekt-alap-monitoring-bizottsaganak-3-ulese-a-jovahagyott-reszeredmenyek-listajaval-zarult\/","og_locale":"hu_HU","og_type":"article","og_title":"A Kisprojekt Alap Monitoring Bizotts\u00e1g\u00e1nak 3. \u00fcl\u00e9se a j\u00f3v\u00e1hagyott r\u00e9szeredm\u00e9nyek list\u00e1j\u00e1val z\u00e1rult. - spf-viacarpatia.eu | Fond mal\u00fdch projektov","og_description":"2025. febru\u00e1r 4-\u00e9n Kass\u00e1n ker\u00fclt megrendez\u00e9sre a Kisprojekt Alap Monitoring Bizotts\u00e1g\u00e1nak 3. \u00fcl\u00e9se, amely a Magyarorsz\u00e1g\u2013Szlov\u00e1kia Interreg VI-A Program t\u00e1mogat\u00e1s\u00e1val val\u00f3sult meg. Az \u00fcl\u00e9sen r\u00e9szt vettek a Monitoring Bizotts\u00e1g tagjai a Magyar K\u00fclgazdas\u00e1gi \u00e9s K\u00fcl\u00fcgyminiszt\u00e9riumb\u00f3l, valamint a Szlov\u00e1k K\u00f6zt\u00e1rsas\u00e1g Beruh\u00e1z\u00e1si, Region\u00e1lis Fejleszt\u00e9si \u00e9s Informatikai Miniszt\u00e9rium\u00e1b\u00f3l. Jelen voltak tov\u00e1bb\u00e1 a K\u00f6z\u00f6s Titk\u00e1rs\u00e1g tagjai, a Beszterceb\u00e1nyai \u00e9s [&hellip;]","og_url":"https:\/\/spf-viacarpatia.eu\/hu\/a-kisprojekt-alap-monitoring-bizottsaganak-3-ulese-a-jovahagyott-reszeredmenyek-listajaval-zarult\/","og_site_name":"spf-viacarpatia.eu | Fond mal\u00fdch projektov","article_published_time":"2025-02-05T12:48:43+00:00","article_modified_time":"2025-02-05T12:49:18+00:00","og_image":[{"width":1920,"height":2560,"url":"https:\/\/spf-viacarpatia.eu\/wp-content\/uploads\/2025\/02\/IMG_3779-scaled.jpg","type":"image\/jpeg"}],"author":"viacarpatia","twitter_card":"summary_large_image","twitter_misc":{"Szerz\u0151:":"viacarpatia","Becs\u00fclt olvas\u00e1si id\u0151":"1 perc"},"schema":{"@context":"https:\/\/schema.org","@graph":[{"@type":"Article","@id":"https:\/\/spf-viacarpatia.eu\/hu\/a-kisprojekt-alap-monitoring-bizottsaganak-3-ulese-a-jovahagyott-reszeredmenyek-listajaval-zarult\/#article","isPartOf":{"@id":"https:\/\/spf-viacarpatia.eu\/hu\/a-kisprojekt-alap-monitoring-bizottsaganak-3-ulese-a-jovahagyott-reszeredmenyek-listajaval-zarult\/"},"author":{"name":"viacarpatia","@id":"https:\/\/spf-viacarpatia.eu\/#\/schema\/person\/277ebb22abd307244031b67cd127739f"},"headline":"A Kisprojekt Alap Monitoring Bizotts\u00e1g\u00e1nak 3. \u00fcl\u00e9se a j\u00f3v\u00e1hagyott r\u00e9szeredm\u00e9nyek list\u00e1j\u00e1val z\u00e1rult.","datePublished":"2025-02-05T12:48:43+00:00","dateModified":"2025-02-05T12:49:18+00:00","mainEntityOfPage":{"@id":"https:\/\/spf-viacarpatia.eu\/hu\/a-kisprojekt-alap-monitoring-bizottsaganak-3-ulese-a-jovahagyott-reszeredmenyek-listajaval-zarult\/"},"wordCount":258,"image":{"@id":"https:\/\/spf-viacarpatia.eu\/hu\/a-kisprojekt-alap-monitoring-bizottsaganak-3-ulese-a-jovahagyott-reszeredmenyek-listajaval-zarult\/#primaryimage"},"thumbnailUrl":"https:\/\/spf-viacarpatia.eu\/wp-content\/uploads\/2025\/02\/IMG_3779-scaled.jpg","articleSection":["Uncategorized @hu"],"inLanguage":"hu"},{"@type":"WebPage","@id":"https:\/\/spf-viacarpatia.eu\/hu\/a-kisprojekt-alap-monitoring-bizottsaganak-3-ulese-a-jovahagyott-reszeredmenyek-listajaval-zarult\/","url":"https:\/\/spf-viacarpatia.eu\/hu\/a-kisprojekt-alap-monitoring-bizottsaganak-3-ulese-a-jovahagyott-reszeredmenyek-listajaval-zarult\/","name":"A Kisprojekt Alap Monitoring Bizotts\u00e1g\u00e1nak 3. \u00fcl\u00e9se a j\u00f3v\u00e1hagyott r\u00e9szeredm\u00e9nyek list\u00e1j\u00e1val z\u00e1rult. - spf-viacarpatia.eu | Fond mal\u00fdch projektov","isPartOf":{"@id":"https:\/\/spf-viacarpatia.eu\/#website"},"primaryImageOfPage":{"@id":"https:\/\/spf-viacarpatia.eu\/hu\/a-kisprojekt-alap-monitoring-bizottsaganak-3-ulese-a-jovahagyott-reszeredmenyek-listajaval-zarult\/#primaryimage"},"image":{"@id":"https:\/\/spf-viacarpatia.eu\/hu\/a-kisprojekt-alap-monitoring-bizottsaganak-3-ulese-a-jovahagyott-reszeredmenyek-listajaval-zarult\/#primaryimage"},"thumbnailUrl":"https:\/\/spf-viacarpatia.eu\/wp-content\/uploads\/2025\/02\/IMG_3779-scaled.jpg","datePublished":"2025-02-05T12:48:43+00:00","dateModified":"2025-02-05T12:49:18+00:00","author":{"@id":"https:\/\/spf-viacarpatia.eu\/#\/schema\/person\/277ebb22abd307244031b67cd127739f"},"inLanguage":"hu","potentialAction":[{"@type":"ReadAction","target":["https:\/\/spf-viacarpatia.eu\/hu\/a-kisprojekt-alap-monitoring-bizottsaganak-3-ulese-a-jovahagyott-reszeredmenyek-listajaval-zarult\/"]}]},{"@type":"ImageObject","inLanguage":"hu","@id":"https:\/\/spf-viacarpatia.eu\/hu\/a-kisprojekt-alap-monitoring-bizottsaganak-3-ulese-a-jovahagyott-reszeredmenyek-listajaval-zarult\/#primaryimage","url":"https:\/\/spf-viacarpatia.eu\/wp-content\/uploads\/2025\/02\/IMG_3779-scaled.jpg","contentUrl":"https:\/\/spf-viacarpatia.eu\/wp-content\/uploads\/2025\/02\/IMG_3779-scaled.jpg","width":1920,"height":2560},{"@type":"WebSite","@id":"https:\/\/spf-viacarpatia.eu\/#website","url":"https:\/\/spf-viacarpatia.eu\/","name":"ViaCarpatia","description":"Fond mal\u00fdch projektov","alternateName":"ViaCarpatia","potentialAction":[{"@type":"SearchAction","target":{"@type":"EntryPoint","urlTemplate":"https:\/\/spf-viacarpatia.eu\/?s={search_term_string}"},"query-input":{"@type":"PropertyValueSpecification","valueRequired":true,"valueName":"search_term_string"}}],"inLanguage":"hu"},{"@type":"Person","@id":"https:\/\/spf-viacarpatia.eu\/#\/schema\/person\/277ebb22abd307244031b67cd127739f","name":"viacarpatia","image":{"@type":"ImageObject","inLanguage":"hu","@id":"https:\/\/secure.gravatar.com\/avatar\/bba74006701163acde19f8e575cb017e72fee5f1d026e5409c03c3812cd5ffd0?s=96&d=mm&r=g","url":"https:\/\/secure.gravatar.com\/avatar\/bba74006701163acde19f8e575cb017e72fee5f1d026e5409c03c3812cd5ffd0?s=96&d=mm&r=g","contentUrl":"https:\/\/secure.gravatar.com\/avatar\/bba74006701163acde19f8e575cb017e72fee5f1d026e5409c03c3812cd5ffd0?s=96&d=mm&r=g","caption":"viacarpatia"},"url":"https:\/\/spf-viacarpatia.eu\/hu\/author\/viacarpatia\/"}]}},"_links":{"self":[{"href":"https:\/\/spf-viacarpatia.eu\/hu\/wp-json\/wp\/v2\/posts\/9302","targetHints":{"allow":["GET"]}}],"collection":[{"href":"https:\/\/spf-viacarpatia.eu\/hu\/wp-json\/wp\/v2\/posts"}],"about":[{"href":"https:\/\/spf-viacarpatia.eu\/hu\/wp-json\/wp\/v2\/types\/post"}],"author":[{"embeddable":true,"href":"https:\/\/spf-viacarpatia.eu\/hu\/wp-json\/wp\/v2\/users\/2"}],"replies":[{"embeddable":true,"href":"https:\/\/spf-viacarpatia.eu\/hu\/wp-json\/wp\/v2\/comments?post=9302"}],"version-history":[{"count":2,"href":"https:\/\/spf-viacarpatia.eu\/hu\/wp-json\/wp\/v2\/posts\/9302\/revisions"}],"predecessor-version":[{"id":9304,"href":"https:\/\/spf-viacarpatia.eu\/hu\/wp-json\/wp\/v2\/posts\/9302\/revisions\/9304"}],"wp:featuredmedia":[{"embeddable":true,"href":"https:\/\/spf-viacarpatia.eu\/hu\/wp-json\/wp\/v2\/media\/9297"}],"wp:attachment":[{"href":"https:\/\/spf-viacarpatia.eu\/hu\/wp-json\/wp\/v2\/media?parent=9302"}],"wp:term":[{"taxonomy":"category","embeddable":true,"href":"https:\/\/spf-viacarpatia.eu\/hu\/wp-json\/wp\/v2\/categories?post=9302"},{"taxonomy":"post_tag","embeddable":true,"href":"https:\/\/spf-viacarpatia.eu\/hu\/wp-json\/wp\/v2\/tags?post=9302"}],"curies":[{"name":"wp","href":"https:\/\/api.w.org\/{rel}","templated":true}]}}